{"id":2348,"date":"2020-04-10T17:09:58","date_gmt":"2020-04-10T15:09:58","guid":{"rendered":"https:\/\/www.lyceejeanbart.fr\/index.php\/2020\/04\/10\/lettre-aux-familles-et-aux-eleves\/"},"modified":"2020-04-10T17:09:58","modified_gmt":"2020-04-10T15:09:58","slug":"lettre-aux-familles-et-aux-eleves","status":"publish","type":"post","link":"https:\/\/www.lyceejeanbart.fr\/index.php\/2020\/04\/10\/lettre-aux-familles-et-aux-eleves\/","title":{"rendered":"Lettre aux familles et aux \u00e9l\u00e8ves"},"content":{"rendered":"<p>Madame, Monsieur, chers parents, chers \u00e9l\u00e8ves et \u00e9tudiants,<\/p>\n<p>Nous voici \u00e0 la fin d&rsquo;une premi\u00e8re p\u00e9riode de confinement de quatre semaines, et au d\u00e9but des \u00ab\u00a0vacances de printemps\u00a0\u00bb. Nous vous souhaitons tous en bonne forme et en bonne sant\u00e9.<\/p>\n<p>Tout d&rsquo;abord, nous tenons \u00e0 f\u00e9liciter et \u00e0 remercier chacun d&rsquo;entre vous, parents et enfants, qui devez vivre cette p\u00e9riode exceptionnelle dans des conditions extr\u00eamement difficiles pour beaucoup d&rsquo;entre vous, et qui avez d\u00fb vous adapter \u00e0 de nouvelles conditions de vie familiale et de travail.<br \/>\nLa quinzaine qui s&rsquo;ouvre doit d&rsquo;abord \u00eatre une quinzaine de rupture.<br \/>\nDans le strict confinement tel qu&rsquo;il est pr\u00e9vu par la loi, il est n\u00e9cessaire que chacun change de rythme, s&rsquo;adonne \u00e0 des loisirs diff\u00e9rents, s&rsquo;a\u00e8re autant que possible, au sens propre pour ceux qui ont des espaces ext\u00e9rieurs priv\u00e9s, et que tous s&rsquo;a\u00e8rent l&rsquo;esprit par des lectures ou des activit\u00e9s manuelles ou mentales diff\u00e9rentes (bricolage, lecture, jeux, travaux manuels divers) afin de couper avec le rythme qui nous a \u00e9t\u00e9 impos\u00e9 depuis quatre semaines.<br \/>\nDans cette perspective nous souhaitons \u00e0 chacun beaucoup de courage, de volont\u00e9 et de s\u00e9r\u00e9nit\u00e9.<\/p>\n<p>Nous voulons aussi rassurer tous ceux qui s&rsquo;interrogent ou se d\u00e9couragent \u00e0 certains moments : Tout les travaux effectu\u00e9s ont de la valeur, tous les efforts faits sont pris en compte, et chacun doit travailler avec la certitude du devoir accompli ; il en restera des traces positives qui s&rsquo;enrichiront au fil du temps. Ayez confiance en vous et appuyez-vous sur les enseignants qui suivent vos travaux et vous accompagnent.<br \/>\nCependant, si pour des raisons diverses, certains d&rsquo;entre vous n&rsquo;avaient pu rendre les diff\u00e9rents travaux, ou si des soucis de connexion ou de contingences diverses vous avaient emp\u00each\u00e9s de travailler r\u00e9guli\u00e8rement pendant ces quatre derni\u00e8res semaines, n&rsquo;h\u00e9sitez pas \u00e0 rattraper les cours faits, \u00e0 vous entra\u00eener par des exercices non faits pendant les semaines pr\u00e9c\u00e9dentes. Il est primordial de ne pas perdre le rythme scolaire.<br \/>\nDe m\u00eame, certains enseignants ont pu donner un travail \u00e0 r\u00e9aliser pour la \u00ab\u00a0rentr\u00e9e\u00a0\u00bb (\u00e0 compter du 27 avril), comme lors de toutes les autres vacances scolaires.<br \/>\nMais pas de classes virtuelles, pas de travaux \u00e0 rendre dans la p\u00e9riode du 12 au 26 avril, c&rsquo;est l\u00e0 le mot d&rsquo;ordre donn\u00e9 \u00e0 tous.<\/p>\n<p>Concernant les examens, les annonces du Ministre ont \u00e9t\u00e9 claires :<br \/>\nPour le Baccalaur\u00e9at en Terminale, les \u00e9preuves \u00e9crites et orales sont remplac\u00e9es en Terminale par le contr\u00f4le continu. Les notes prises en compte seront celles des premiers et deuxi\u00e8me trimestre et celles du troisi\u00e8me trimestre obtenues en dehors de la p\u00e9riode de confinement.<br \/>\nCependant, en Terminale, comme dans les autres niveaux (Seconde, Premi\u00e8re, BTS et classes pr\u00e9paratoires) les notes obtenues pendant le confinement seront prises en compte, notamment pour prouver l&rsquo;engagement de l&rsquo;\u00e9l\u00e8ve, son assiduit\u00e9 au travail, ou encore pour servir de \u00ab\u00a0bonus\u00a0\u00bb.<br \/>\nToutes les mesures actuellement prises par le Minist\u00e8re se trouvent en leur d\u00e9tail sous les liens joints en bas de la pr\u00e9sente information.<\/p>\n<p>Nous savons que les CPE de chaque niveau et nombre de vos professeurs sont rest\u00e9s en contact \u00e9troit et bienveillant avec vous, et nous les en remercions. <\/p>\n<p>Nous vous rappelons que nous restons aussi en lien avec vous, par le mail de contact ouvert depuis le 16 mars \u00e0 l&rsquo;adresse suivante :<br \/>\nproviseur-adjoint.0590071g@ac-lille.fr<br \/>\net au 03 28 24 40 40, en p\u00e9riode scolaire,<br \/>\ndu lundi au vendredi de 9h \u00e0 12h et de 13h \u00e0 17h.<\/p>\n<p>Nous r\u00e9pondrons \u00e0 chaque sollicitation, aussi longtemps que durera le confinement, et bien entendu apr\u00e8s le retour en classe quel que soit sa date.<\/p>\n<p>Nous vous souhaitons \u00e0 tous, \u00e9l\u00e8ves, \u00e9tudiants, parents, une p\u00e9riode de quinze jours salutaire et re-cr\u00e9atrice.<\/p>\n<p>Bien \u00e0 vous,<\/p>\n<p>L&rsquo;\u00e9quipe de Direction,<\/p>\n<p>Samuel VALMALLE,\t\tAnnie ROBACHE-BAILLON et Benoit GROUX<br \/>\n\t   Proviseur\t\t\t    Proviseurs-Adjoints<\/p>\n<p>Liens \u00e0 consulter sur les examens et concours :<br \/>\nPour baccalaur\u00e9at et BTS<\/p>\n<p>https:\/\/www.education.gouv.fr\/bac-brevet-2020-les-reponses-vos-questions-303348<\/p>\n<p>Pour l&rsquo;enseignement sup\u00e9rieur<\/p>\n<p>https:\/\/www.enseignementsup-recherche.gouv.fr\/cid151053\/epidemie-de-covid-19-adaptation-des-modalites-de-passage-des-examens-nationaux-de-bts-et-dcg-session-2020.html<\/p>\n","protected":false},"excerpt":{"rendered":"<p>Madame, Monsieur, chers parents, chers \u00e9l\u00e8ves et \u00e9tudiants, Nous voici \u00e0 la fin d&rsquo;une premi\u00e8re p\u00e9riode de confinement de quatre semaines, et au d\u00e9but des \u00ab\u00a0vacances de printemps\u00a0\u00bb. Nous vous souhaitons tous en bonne forme et en bonne sant\u00e9. Tout d&rsquo;abord, nous tenons \u00e0 f\u00e9liciter et \u00e0 remercier chacun d&rsquo;entre vous, parents et enfants, qui [&hellip;]<\/p>\n","protected":false},"author":1,"featured_media":0,"comment_status":"closed","ping_status":"closed","sticky":false,"template":"","format":"standard","meta":{"ocean_post_layout":"","ocean_both_sidebars_style":"","ocean_both_sidebars_content_width":0,"ocean_both_sidebars_sidebars_width":0,"ocean_sidebar":"","ocean_second_sidebar":"","ocean_disable_margins":"enable","ocean_add_body_class":"","ocean_shortcode_before_top_bar":"","ocean_shortcode_after_top_bar":"","ocean_shortcode_before_header":"","ocean_shortcode_after_header":"","ocean_has_shortcode":"","ocean_shortcode_after_title":"","ocean_shortcode_before_footer_widgets":"","ocean_shortcode_after_footer_widgets":"","ocean_shortcode_before_footer_bottom":"","ocean_shortcode_after_footer_bottom":"","ocean_display_top_bar":"default","ocean_display_header":"default","ocean_header_style":"","ocean_center_header_left_menu":"","ocean_custom_header_template":"","ocean_custom_logo":0,"ocean_custom_retina_logo":0,"ocean_custom_logo_max_width":0,"ocean_custom_logo_tablet_max_width":0,"ocean_custom_logo_mobile_max_width":0,"ocean_custom_logo_max_height":0,"ocean_custom_logo_tablet_max_height":0,"ocean_custom_logo_mobile_max_height":0,"ocean_header_custom_menu":"","ocean_menu_typo_font_family":"","ocean_menu_typo_font_subset":"","ocean_menu_typo_font_size":0,"ocean_menu_typo_font_size_tablet":0,"ocean_menu_typo_font_size_mobile":0,"ocean_menu_typo_font_size_unit":"px","ocean_menu_typo_font_weight":"","ocean_menu_typo_font_weight_tablet":"","ocean_menu_typo_font_weight_mobile":"","ocean_menu_typo_transform":"","ocean_menu_typo_transform_tablet":"","ocean_menu_typo_transform_mobile":"","ocean_menu_typo_line_height":0,"ocean_menu_typo_line_height_tablet":0,"ocean_menu_typo_line_height_mobile":0,"ocean_menu_typo_line_height_unit":"","ocean_menu_typo_spacing":0,"ocean_menu_typo_spacing_tablet":0,"ocean_menu_typo_spacing_mobile":0,"ocean_menu_typo_spacing_unit":"","ocean_menu_link_color":"","ocean_menu_link_color_hover":"","ocean_menu_link_color_active":"","ocean_menu_link_background":"","ocean_menu_link_hover_background":"","ocean_menu_link_active_background":"","ocean_menu_social_links_bg":"","ocean_menu_social_hover_links_bg":"","ocean_menu_social_links_color":"","ocean_menu_social_hover_links_color":"","ocean_disable_title":"default","ocean_disable_heading":"default","ocean_post_title":"","ocean_post_subheading":"","ocean_post_title_style":"","ocean_post_title_background_color":"","ocean_post_title_background":0,"ocean_post_title_bg_image_position":"","ocean_post_title_bg_image_attachment":"","ocean_post_title_bg_image_repeat":"","ocean_post_title_bg_image_size":"","ocean_post_title_height":0,"ocean_post_title_bg_overlay":0.5,"ocean_post_title_bg_overlay_color":"","ocean_disable_breadcrumbs":"default","ocean_breadcrumbs_color":"","ocean_breadcrumbs_separator_color":"","ocean_breadcrumbs_links_color":"","ocean_breadcrumbs_links_hover_color":"","ocean_display_footer_widgets":"default","ocean_display_footer_bottom":"default","ocean_custom_footer_template":"","footnotes":"","ocean_post_oembed":"","ocean_post_self_hosted_media":"","ocean_post_video_embed":"","ocean_link_format":"","ocean_link_format_target":"self","ocean_quote_format":"","ocean_quote_format_link":"post","ocean_gallery_link_images":"on","ocean_gallery_id":[]},"categories":[33],"tags":[],"_links":{"self":[{"href":"https:\/\/www.lyceejeanbart.fr\/index.php\/wp-json\/wp\/v2\/posts\/2348"}],"collection":[{"href":"https:\/\/www.lyceejeanbart.fr\/index.php\/wp-json\/wp\/v2\/posts"}],"about":[{"href":"https:\/\/www.lyceejeanbart.fr\/index.php\/wp-json\/wp\/v2\/types\/post"}],"author":[{"embeddable":true,"href":"https:\/\/www.lyceejeanbart.fr\/index.php\/wp-json\/wp\/v2\/users\/1"}],"replies":[{"embeddable":true,"href":"https:\/\/www.lyceejeanbart.fr\/index.php\/wp-json\/wp\/v2\/comments?post=2348"}],"version-history":[{"count":0,"href":"https:\/\/www.lyceejeanbart.fr\/index.php\/wp-json\/wp\/v2\/posts\/2348\/revisions"}],"wp:attachment":[{"href":"https:\/\/www.lyceejeanbart.fr\/index.php\/wp-json\/wp\/v2\/media?parent=2348"}],"wp:term":[{"taxonomy":"category","embeddable":true,"href":"https:\/\/www.lyceejeanbart.fr\/index.php\/wp-json\/wp\/v2\/categories?post=2348"},{"taxonomy":"post_tag","embeddable":true,"href":"https:\/\/www.lyceejeanbart.fr\/index.php\/wp-json\/wp\/v2\/tags?post=2348"}],"curies":[{"name":"wp","href":"https:\/\/api.w.org\/{rel}","templated":true}]}}