{"id":4422,"date":"2022-01-28T11:30:23","date_gmt":"2022-01-28T10:30:23","guid":{"rendered":"https:\/\/www.lyceejeanbart.fr\/?p=4422"},"modified":"2022-01-28T17:54:31","modified_gmt":"2022-01-28T16:54:31","slug":"35-ans-derasmus","status":"publish","type":"post","link":"https:\/\/www.lyceejeanbart.fr\/index.php\/2022\/01\/28\/35-ans-derasmus\/","title":{"rendered":"35 ans d&rsquo;ERASMUS +"},"content":{"rendered":"<p><strong>Une\u00a0 \u00e9l\u00e8ve et deux enseignants du lyc\u00e9e Jean Bart <\/strong><strong>pr\u00e9sentent aux Ministres un enseignement repens\u00e9 ce jeudi 20 janvier 2021 \u00e0 Paris.<\/strong><strong><img fetchpriority=\"high\" decoding=\"async\" class=\" wp-image-4340 alignright\" src=\"https:\/\/www.lyceejeanbart.fr\/wp-content\/uploads\/2022\/01\/Rencontre-JMBlanquer-300x212.jpeg\" alt=\"\" width=\"351\" height=\"248\" srcset=\"https:\/\/www.lyceejeanbart.fr\/wp-content\/uploads\/2022\/01\/Rencontre-JMBlanquer-300x212.jpeg 300w, https:\/\/www.lyceejeanbart.fr\/wp-content\/uploads\/2022\/01\/Rencontre-JMBlanquer-1024x724.jpeg 1024w, https:\/\/www.lyceejeanbart.fr\/wp-content\/uploads\/2022\/01\/Rencontre-JMBlanquer-768x543.jpeg 768w, https:\/\/www.lyceejeanbart.fr\/wp-content\/uploads\/2022\/01\/Rencontre-JMBlanquer.jpeg 1280w\" sizes=\"(max-width: 351px) 100vw, 351px\" \/><\/strong><\/p>\n<p>Apr\u00e8s\u00a0 avoir re\u00e7u le prix du Meilleur \u00e9tablissement secondaire de France 2021, remis par la commission europ\u00e9enne pour les projets innovants men\u00e9s par l&rsquo;\u00e9quipe des enseignants de la classe ERASMUS + , les deux coordonnateurs, Madame MILOT et Monsieur TONDEUR, ont \u00e9t\u00e9 invit\u00e9s \u00e0 d\u00e9fendre leur vision de l\u2019enseignement, \u00e0 l&rsquo;occasion de l&rsquo;anniversaire des 35 d&rsquo;ERASMUS\u00a0 \u00e0 Paris, devant plusieurs Ministres, dont Monsieur BLANQUER,\u00a0 \u00a0\u00b0.<\/p>\n<p>La France, pr\u00e9sidente du Conseil de l\u2019Union Europ\u00e9enne 2022 s\u2019appuie sur ses esprits novateurs pour promouvoir et r\u00e9fl\u00e9chir \u00e0 un syst\u00e8me \u00e9ducatif ouvert, riche, moderne qui est exp\u00e9riment\u00e9 depuis 4 ans au lyc\u00e9e Jean Bart et qui montre\u00a0 ses r\u00e9ussites.<br \/>\nEtude du programme scolaire revisit\u00e9,\u00a0 travail sur une actualit\u00e9 qui influence les cours multilingues, mise en place de cr\u00e9ations th\u00e9\u00e2trales, rencontre d\u2019autres jeunes europ\u00e9ens par la mobilit\u00e9 et l&rsquo;accueil,\u00a0 r\u00e9flexion sur des valeurs et th\u00e8mes fondamentaux,\u00a0 valorisation de comp\u00e9tences individuelles d\u2019une classe h\u00e9t\u00e9rog\u00e8ne et inclusive,\u00a0 cr\u00e9ation d\u2019expositions \u00e9v\u00e8nementielles, et apprentissages qui se construisent gr\u00e2ce \u00e0 groupe soud\u00e9\u2026 .<\/p>\n<p>El\u00e8ves, enseignants, parents,:\u00a0 tous y trouvent leur compte et reconnaissent les b\u00e9n\u00e9fices de cette m\u00e9thode de travail<\/p>\n<p>Lisa V. a t\u00e9moign\u00e9 avec beaucoup de sinc\u00e9rit\u00e9 et de conviction\u00a0 de son cursus du coll\u00e8ge Boris Vian de COUDEKERQUE BRANCHE ( dans l&rsquo;atelier ERASMUS) puis\u00a0 au lyc\u00e9e Jean Bart avec des illustrations concr\u00e8tes de cette fa\u00e7on diff\u00e9rente\u00a0 d&rsquo;\u00e9voluer dans notre syst\u00e8me \u00e9ducatif.<\/p>\n<p>Retrouvez leurs interventions sur la cha\u00eene youtube de l&rsquo;agence ERASMUS+ :<\/p>\n","protected":false},"excerpt":{"rendered":"<p>Une\u00a0 \u00e9l\u00e8ve et deux enseignants du lyc\u00e9e Jean Bart pr\u00e9sentent aux Ministres un enseignement repens\u00e9 ce jeudi 20 janvier 2021 \u00e0 Paris. Apr\u00e8s\u00a0 avoir re\u00e7u le prix du Meilleur \u00e9tablissement secondaire de France 2021, remis par la commission europ\u00e9enne pour les projets innovants men\u00e9s par l&rsquo;\u00e9quipe des enseignants de la classe ERASMUS + , les [&hellip;]<\/p>\n","protected":false},"author":21,"featured_media":0,"comment_status":"closed","ping_status":"closed","sticky":false,"template":"","format":"standard","meta":{"ocean_post_layout":"","ocean_both_sidebars_style":"","ocean_both_sidebars_content_width":0,"ocean_both_sidebars_sidebars_width":0,"ocean_sidebar":"0","ocean_second_sidebar":"0","ocean_disable_margins":"enable","ocean_add_body_class":"","ocean_shortcode_before_top_bar":"","ocean_shortcode_after_top_bar":"","ocean_shortcode_before_header":"","ocean_shortcode_after_header":"","ocean_has_shortcode":"","ocean_shortcode_after_title":"","ocean_shortcode_before_footer_widgets":"","ocean_shortcode_after_footer_widgets":"","ocean_shortcode_before_footer_bottom":"","ocean_shortcode_after_footer_bottom":"","ocean_display_top_bar":"default","ocean_display_header":"default","ocean_header_style":"","ocean_center_header_left_menu":"0","ocean_custom_header_template":"0","ocean_custom_logo":0,"ocean_custom_retina_logo":0,"ocean_custom_logo_max_width":0,"ocean_custom_logo_tablet_max_width":0,"ocean_custom_logo_mobile_max_width":0,"ocean_custom_logo_max_height":0,"ocean_custom_logo_tablet_max_height":0,"ocean_custom_logo_mobile_max_height":0,"ocean_header_custom_menu":"0","ocean_menu_typo_font_family":"0","ocean_menu_typo_font_subset":"","ocean_menu_typo_font_size":0,"ocean_menu_typo_font_size_tablet":0,"ocean_menu_typo_font_size_mobile":0,"ocean_menu_typo_font_size_unit":"px","ocean_menu_typo_font_weight":"","ocean_menu_typo_font_weight_tablet":"","ocean_menu_typo_font_weight_mobile":"","ocean_menu_typo_transform":"","ocean_menu_typo_transform_tablet":"","ocean_menu_typo_transform_mobile":"","ocean_menu_typo_line_height":0,"ocean_menu_typo_line_height_tablet":0,"ocean_menu_typo_line_height_mobile":0,"ocean_menu_typo_line_height_unit":"","ocean_menu_typo_spacing":0,"ocean_menu_typo_spacing_tablet":0,"ocean_menu_typo_spacing_mobile":0,"ocean_menu_typo_spacing_unit":"","ocean_menu_link_color":"","ocean_menu_link_color_hover":"","ocean_menu_link_color_active":"","ocean_menu_link_background":"","ocean_menu_link_hover_background":"","ocean_menu_link_active_background":"","ocean_menu_social_links_bg":"","ocean_menu_social_hover_links_bg":"","ocean_menu_social_links_color":"","ocean_menu_social_hover_links_color":"","ocean_disable_title":"default","ocean_disable_heading":"on","ocean_post_title":"","ocean_post_subheading":"","ocean_post_title_style":"","ocean_post_title_background_color":"","ocean_post_title_background":0,"ocean_post_title_bg_image_position":"","ocean_post_title_bg_image_attachment":"","ocean_post_title_bg_image_repeat":"","ocean_post_title_bg_image_size":"","ocean_post_title_height":0,"ocean_post_title_bg_overlay":0.5,"ocean_post_title_bg_overlay_color":"","ocean_disable_breadcrumbs":"default","ocean_breadcrumbs_color":"","ocean_breadcrumbs_separator_color":"","ocean_breadcrumbs_links_color":"","ocean_breadcrumbs_links_hover_color":"","ocean_display_footer_widgets":"default","ocean_display_footer_bottom":"default","ocean_custom_footer_template":"0","footnotes":"","ocean_post_oembed":"","ocean_post_self_hosted_media":"","ocean_post_video_embed":"","ocean_link_format":"","ocean_link_format_target":"self","ocean_quote_format":"","ocean_quote_format_link":"post","ocean_gallery_link_images":"off","ocean_gallery_id":[]},"categories":[1],"tags":[],"_links":{"self":[{"href":"https:\/\/www.lyceejeanbart.fr\/index.php\/wp-json\/wp\/v2\/posts\/4422"}],"collection":[{"href":"https:\/\/www.lyceejeanbart.fr\/index.php\/wp-json\/wp\/v2\/posts"}],"about":[{"href":"https:\/\/www.lyceejeanbart.fr\/index.php\/wp-json\/wp\/v2\/types\/post"}],"author":[{"embeddable":true,"href":"https:\/\/www.lyceejeanbart.fr\/index.php\/wp-json\/wp\/v2\/users\/21"}],"replies":[{"embeddable":true,"href":"https:\/\/www.lyceejeanbart.fr\/index.php\/wp-json\/wp\/v2\/comments?post=4422"}],"version-history":[{"count":2,"href":"https:\/\/www.lyceejeanbart.fr\/index.php\/wp-json\/wp\/v2\/posts\/4422\/revisions"}],"predecessor-version":[{"id":4424,"href":"https:\/\/www.lyceejeanbart.fr\/index.php\/wp-json\/wp\/v2\/posts\/4422\/revisions\/4424"}],"wp:attachment":[{"href":"https:\/\/www.lyceejeanbart.fr\/index.php\/wp-json\/wp\/v2\/media?parent=4422"}],"wp:term":[{"taxonomy":"category","embeddable":true,"href":"https:\/\/www.lyceejeanbart.fr\/index.php\/wp-json\/wp\/v2\/categories?post=4422"},{"taxonomy":"post_tag","embeddable":true,"href":"https:\/\/www.lyceejeanbart.fr\/index.php\/wp-json\/wp\/v2\/tags?post=4422"}],"curies":[{"name":"wp","href":"https:\/\/api.w.org\/{rel}","templated":true}]}}