{"id":5533,"date":"2021-05-21T13:45:29","date_gmt":"2021-05-21T11:45:29","guid":{"rendered":"https:\/\/www.lyceejeanbart.fr\/?p=5533"},"modified":"2023-01-23T08:25:54","modified_gmt":"2023-01-23T07:25:54","slug":"une-ecrivaine-engagee","status":"publish","type":"post","link":"https:\/\/www.lyceejeanbart.fr\/index.php\/2021\/05\/21\/une-ecrivaine-engagee\/","title":{"rendered":"Une \u00e9crivaine engag\u00e9e"},"content":{"rendered":"<p>C\u2019est le 21 mai 2021 que <b>Maria Poblete\u00a0<\/b>, Romanci\u00e8re, est revenue au CDI du lyc\u00e9e apr\u00e8s un passage en 2014.<\/p>\n<p>Auteure du livre <i><b>\u00a0La dictature nous avait jet\u00e9s l\u00e0, <\/b><\/i>la journaliste originaire du Chili a publi\u00e9 plusieurs ouvrages, en particulier dans la collection \u00ab\u00a0Ceux qui ont dit non\u00a0\u00bb , chez Actes Sud, comme par exemple <span style=\"color: #000000;\"><i><b>\u00a0Lucie Aubrac, Non au nazisme<\/b><\/i><\/span><span style=\"color: #000000;\">. Engag\u00e9e, elle a a \u00e9crit sur la dictature, le droit des femmes\u2026<\/span><\/p>\n<p><span style=\"color: #000000;\">Les secondes de Monsieur Petel l\u2019ont accueillie , apr\u00e8s un travail sur la litt\u00e9rature d\u2019id\u00e9es ( programme de seconde) , la litt\u00e9rature engag\u00e9e, l\u2019exil,la critique journalistique&#8230;Les \u00e9l\u00e8ves de seconde de Mme Dekeyser avaient, eux, \u00e9tudi\u00e9 le th\u00e8me de la litt\u00e9rature et la m\u00e9moire ( destin individuel et destin colllectif\u2026).<\/span><\/p>\n<p><span style=\"color: #000000;\">Ce deuxi\u00e8me passage de Maria Poblete au lyc\u00e9e fut \u00e0 nouveau un vrai moment de bonheur pour nous tous.<\/span><\/p>\n<p><span style=\"color: #000000;\">Article \u00e9crit par Mme Durant Carole, documentaliste<\/span><\/p>\n","protected":false},"excerpt":{"rendered":"<p>C\u2019est le 21 mai 2021 que Maria Poblete\u00a0, Romanci\u00e8re, est revenue au CDI du lyc\u00e9e apr\u00e8s un passage en 2014. Auteure du livre \u00a0La dictature nous avait jet\u00e9s l\u00e0, la journaliste originaire du Chili a publi\u00e9 plusieurs ouvrages, en particulier dans la collection \u00ab\u00a0Ceux qui ont dit non\u00a0\u00bb , chez Actes Sud, comme par exemple [&hellip;]<\/p>\n","protected":false},"author":1,"featured_media":0,"comment_status":"closed","ping_status":"closed","sticky":false,"template":"","format":"standard","meta":{"ocean_post_layout":"","ocean_both_sidebars_style":"","ocean_both_sidebars_content_width":0,"ocean_both_sidebars_sidebars_width":0,"ocean_sidebar":"0","ocean_second_sidebar":"0","ocean_disable_margins":"enable","ocean_add_body_class":"","ocean_shortcode_before_top_bar":"","ocean_shortcode_after_top_bar":"","ocean_shortcode_before_header":"","ocean_shortcode_after_header":"","ocean_has_shortcode":"","ocean_shortcode_after_title":"","ocean_shortcode_before_footer_widgets":"","ocean_shortcode_after_footer_widgets":"","ocean_shortcode_before_footer_bottom":"","ocean_shortcode_after_footer_bottom":"","ocean_display_top_bar":"default","ocean_display_header":"default","ocean_header_style":"","ocean_center_header_left_menu":"0","ocean_custom_header_template":"0","ocean_custom_logo":0,"ocean_custom_retina_logo":0,"ocean_custom_logo_max_width":0,"ocean_custom_logo_tablet_max_width":0,"ocean_custom_logo_mobile_max_width":0,"ocean_custom_logo_max_height":0,"ocean_custom_logo_tablet_max_height":0,"ocean_custom_logo_mobile_max_height":0,"ocean_header_custom_menu":"0","ocean_menu_typo_font_family":"0","ocean_menu_typo_font_subset":"","ocean_menu_typo_font_size":0,"ocean_menu_typo_font_size_tablet":0,"ocean_menu_typo_font_size_mobile":0,"ocean_menu_typo_font_size_unit":"px","ocean_menu_typo_font_weight":"","ocean_menu_typo_font_weight_tablet":"","ocean_menu_typo_font_weight_mobile":"","ocean_menu_typo_transform":"","ocean_menu_typo_transform_tablet":"","ocean_menu_typo_transform_mobile":"","ocean_menu_typo_line_height":0,"ocean_menu_typo_line_height_tablet":0,"ocean_menu_typo_line_height_mobile":0,"ocean_menu_typo_line_height_unit":"","ocean_menu_typo_spacing":0,"ocean_menu_typo_spacing_tablet":0,"ocean_menu_typo_spacing_mobile":0,"ocean_menu_typo_spacing_unit":"","ocean_menu_link_color":"","ocean_menu_link_color_hover":"","ocean_menu_link_color_active":"","ocean_menu_link_background":"","ocean_menu_link_hover_background":"","ocean_menu_link_active_background":"","ocean_menu_social_links_bg":"","ocean_menu_social_hover_links_bg":"","ocean_menu_social_links_color":"","ocean_menu_social_hover_links_color":"","ocean_disable_title":"default","ocean_disable_heading":"default","ocean_post_title":"","ocean_post_subheading":"","ocean_post_title_style":"","ocean_post_title_background_color":"","ocean_post_title_background":0,"ocean_post_title_bg_image_position":"","ocean_post_title_bg_image_attachment":"","ocean_post_title_bg_image_repeat":"","ocean_post_title_bg_image_size":"","ocean_post_title_height":0,"ocean_post_title_bg_overlay":0.5,"ocean_post_title_bg_overlay_color":"","ocean_disable_breadcrumbs":"default","ocean_breadcrumbs_color":"","ocean_breadcrumbs_separator_color":"","ocean_breadcrumbs_links_color":"","ocean_breadcrumbs_links_hover_color":"","ocean_display_footer_widgets":"default","ocean_display_footer_bottom":"default","ocean_custom_footer_template":"0","footnotes":"","ocean_post_oembed":"","ocean_post_self_hosted_media":"","ocean_post_video_embed":"","ocean_link_format":"","ocean_link_format_target":"self","ocean_quote_format":"","ocean_quote_format_link":"post","ocean_gallery_link_images":"off","ocean_gallery_id":[]},"categories":[83],"tags":[],"_links":{"self":[{"href":"https:\/\/www.lyceejeanbart.fr\/index.php\/wp-json\/wp\/v2\/posts\/5533"}],"collection":[{"href":"https:\/\/www.lyceejeanbart.fr\/index.php\/wp-json\/wp\/v2\/posts"}],"about":[{"href":"https:\/\/www.lyceejeanbart.fr\/index.php\/wp-json\/wp\/v2\/types\/post"}],"author":[{"embeddable":true,"href":"https:\/\/www.lyceejeanbart.fr\/index.php\/wp-json\/wp\/v2\/users\/1"}],"replies":[{"embeddable":true,"href":"https:\/\/www.lyceejeanbart.fr\/index.php\/wp-json\/wp\/v2\/comments?post=5533"}],"version-history":[{"count":3,"href":"https:\/\/www.lyceejeanbart.fr\/index.php\/wp-json\/wp\/v2\/posts\/5533\/revisions"}],"predecessor-version":[{"id":5542,"href":"https:\/\/www.lyceejeanbart.fr\/index.php\/wp-json\/wp\/v2\/posts\/5533\/revisions\/5542"}],"wp:attachment":[{"href":"https:\/\/www.lyceejeanbart.fr\/index.php\/wp-json\/wp\/v2\/media?parent=5533"}],"wp:term":[{"taxonomy":"category","embeddable":true,"href":"https:\/\/www.lyceejeanbart.fr\/index.php\/wp-json\/wp\/v2\/categories?post=5533"},{"taxonomy":"post_tag","embeddable":true,"href":"https:\/\/www.lyceejeanbart.fr\/index.php\/wp-json\/wp\/v2\/tags?post=5533"}],"curies":[{"name":"wp","href":"https:\/\/api.w.org\/{rel}","templated":true}]}}