{"id":5620,"date":"2022-12-05T09:32:41","date_gmt":"2022-12-05T08:32:41","guid":{"rendered":"https:\/\/www.lyceejeanbart.fr\/?p=5620"},"modified":"2023-01-23T09:33:05","modified_gmt":"2023-01-23T08:33:05","slug":"resultats-du-cross-departemental-a-armentieres-30-11","status":"publish","type":"post","link":"https:\/\/www.lyceejeanbart.fr\/index.php\/2022\/12\/05\/resultats-du-cross-departemental-a-armentieres-30-11\/","title":{"rendered":"R\u00e9sultats du cross d\u00e9partemental \u00e0 Armenti\u00e8res 30\/11"},"content":{"rendered":"<p>Nos \u00e9l\u00e8ves ont \u00e0 nouveau d\u00e9fendu les couleurs du lyc\u00e9e Jean Bart en remportant une m\u00e9daille d&rsquo;or pour Agathe Foucault( junior) ainsi que pour Adam Acket et Matt\u00e9o Haezebrouck qui montent tous les deux sur la 1\u00e8re marche du podium suivi par Samuel Dumey sur la 3\u00e8me.<\/p>\n<p>Nous esp\u00e9rons une qualification par \u00e9quipe pour le championnat acad\u00e9mique.<\/p>\n<p>F\u00e9licitations \u00e0 tous pour vos performances et votre fair-play.<\/p>\n<div id='gallery-1' class='gallery galleryid-5620 gallery-columns-7 gallery-size-thumbnail'><figure class='gallery-item'>\n\t\t\t<div class='gallery-icon portrait'>\n\t\t\t\t<a href='https:\/\/www.lyceejeanbart.fr\/index.php\/2022\/12\/05\/resultats-du-cross-departemental-a-armentieres-30-11\/cr14\/'><img decoding=\"async\" width=\"150\" height=\"150\" src=\"https:\/\/www.lyceejeanbart.fr\/wp-content\/uploads\/2022\/11\/cr14-150x150.jpg\" class=\"attachment-thumbnail size-thumbnail\" alt=\"\" \/><\/a>\n\t\t\t<\/div><\/figure><figure class='gallery-item'>\n\t\t\t<div class='gallery-icon portrait'>\n\t\t\t\t<a href='https:\/\/www.lyceejeanbart.fr\/index.php\/2022\/12\/05\/resultats-du-cross-departemental-a-armentieres-30-11\/cr13\/'><img decoding=\"async\" width=\"150\" height=\"150\" src=\"https:\/\/www.lyceejeanbart.fr\/wp-content\/uploads\/2022\/11\/cr13-150x150.jpg\" class=\"attachment-thumbnail size-thumbnail\" alt=\"\" \/><\/a>\n\t\t\t<\/div><\/figure><figure class='gallery-item'>\n\t\t\t<div class='gallery-icon portrait'>\n\t\t\t\t<a href='https:\/\/www.lyceejeanbart.fr\/index.php\/2022\/12\/05\/resultats-du-cross-departemental-a-armentieres-30-11\/cr12\/'><img decoding=\"async\" width=\"150\" height=\"150\" src=\"https:\/\/www.lyceejeanbart.fr\/wp-content\/uploads\/2022\/11\/cr12-150x150.jpg\" class=\"attachment-thumbnail size-thumbnail\" alt=\"\" \/><\/a>\n\t\t\t<\/div><\/figure><figure class='gallery-item'>\n\t\t\t<div class='gallery-icon landscape'>\n\t\t\t\t<a href='https:\/\/www.lyceejeanbart.fr\/index.php\/2022\/12\/05\/resultats-du-cross-departemental-a-armentieres-30-11\/cr11\/'><img loading=\"lazy\" decoding=\"async\" width=\"150\" height=\"150\" src=\"https:\/\/www.lyceejeanbart.fr\/wp-content\/uploads\/2022\/11\/cr11-150x150.jpg\" class=\"attachment-thumbnail size-thumbnail\" alt=\"\" \/><\/a>\n\t\t\t<\/div><\/figure><figure class='gallery-item'>\n\t\t\t<div class='gallery-icon portrait'>\n\t\t\t\t<a href='https:\/\/www.lyceejeanbart.fr\/index.php\/2022\/12\/05\/resultats-du-cross-departemental-a-armentieres-30-11\/cr10\/'><img loading=\"lazy\" decoding=\"async\" width=\"150\" height=\"150\" src=\"https:\/\/www.lyceejeanbart.fr\/wp-content\/uploads\/2022\/11\/cr10-150x150.jpg\" class=\"attachment-thumbnail size-thumbnail\" alt=\"\" \/><\/a>\n\t\t\t<\/div><\/figure><figure class='gallery-item'>\n\t\t\t<div class='gallery-icon landscape'>\n\t\t\t\t<a href='https:\/\/www.lyceejeanbart.fr\/index.php\/2022\/12\/05\/resultats-du-cross-departemental-a-armentieres-30-11\/cr9\/'><img loading=\"lazy\" decoding=\"async\" width=\"150\" height=\"150\" src=\"https:\/\/www.lyceejeanbart.fr\/wp-content\/uploads\/2022\/11\/cr9-150x150.jpg\" class=\"attachment-thumbnail size-thumbnail\" alt=\"\" \/><\/a>\n\t\t\t<\/div><\/figure><figure class='gallery-item'>\n\t\t\t<div class='gallery-icon portrait'>\n\t\t\t\t<a href='https:\/\/www.lyceejeanbart.fr\/index.php\/2022\/12\/05\/resultats-du-cross-departemental-a-armentieres-30-11\/cr8\/'><img loading=\"lazy\" decoding=\"async\" width=\"150\" height=\"150\" src=\"https:\/\/www.lyceejeanbart.fr\/wp-content\/uploads\/2022\/11\/cr8-150x150.jpg\" class=\"attachment-thumbnail size-thumbnail\" alt=\"\" \/><\/a>\n\t\t\t<\/div><\/figure><figure class='gallery-item'>\n\t\t\t<div class='gallery-icon portrait'>\n\t\t\t\t<a href='https:\/\/www.lyceejeanbart.fr\/index.php\/2022\/12\/05\/resultats-du-cross-departemental-a-armentieres-30-11\/cr1\/'><img loading=\"lazy\" decoding=\"async\" width=\"150\" height=\"150\" src=\"https:\/\/www.lyceejeanbart.fr\/wp-content\/uploads\/2022\/11\/cr1-150x150.jpg\" class=\"attachment-thumbnail size-thumbnail\" alt=\"\" \/><\/a>\n\t\t\t<\/div><\/figure><figure class='gallery-item'>\n\t\t\t<div class='gallery-icon portrait'>\n\t\t\t\t<a href='https:\/\/www.lyceejeanbart.fr\/index.php\/2022\/12\/05\/resultats-du-cross-departemental-a-armentieres-30-11\/cr2\/'><img loading=\"lazy\" decoding=\"async\" width=\"150\" height=\"150\" src=\"https:\/\/www.lyceejeanbart.fr\/wp-content\/uploads\/2022\/11\/cr2-150x150.jpg\" class=\"attachment-thumbnail size-thumbnail\" alt=\"\" \/><\/a>\n\t\t\t<\/div><\/figure><figure class='gallery-item'>\n\t\t\t<div class='gallery-icon portrait'>\n\t\t\t\t<a href='https:\/\/www.lyceejeanbart.fr\/index.php\/2022\/12\/05\/resultats-du-cross-departemental-a-armentieres-30-11\/cr3\/'><img loading=\"lazy\" decoding=\"async\" width=\"150\" height=\"150\" src=\"https:\/\/www.lyceejeanbart.fr\/wp-content\/uploads\/2022\/11\/cr3-150x150.jpg\" class=\"attachment-thumbnail size-thumbnail\" alt=\"\" \/><\/a>\n\t\t\t<\/div><\/figure><figure class='gallery-item'>\n\t\t\t<div class='gallery-icon portrait'>\n\t\t\t\t<a href='https:\/\/www.lyceejeanbart.fr\/index.php\/2022\/12\/05\/resultats-du-cross-departemental-a-armentieres-30-11\/cr4\/'><img loading=\"lazy\" decoding=\"async\" width=\"150\" height=\"150\" src=\"https:\/\/www.lyceejeanbart.fr\/wp-content\/uploads\/2022\/11\/cr4-150x150.jpg\" class=\"attachment-thumbnail size-thumbnail\" alt=\"\" \/><\/a>\n\t\t\t<\/div><\/figure><figure class='gallery-item'>\n\t\t\t<div class='gallery-icon portrait'>\n\t\t\t\t<a href='https:\/\/www.lyceejeanbart.fr\/index.php\/2022\/12\/05\/resultats-du-cross-departemental-a-armentieres-30-11\/cr5\/'><img loading=\"lazy\" decoding=\"async\" width=\"150\" height=\"150\" src=\"https:\/\/www.lyceejeanbart.fr\/wp-content\/uploads\/2022\/11\/cr5-150x150.jpg\" class=\"attachment-thumbnail size-thumbnail\" alt=\"\" \/><\/a>\n\t\t\t<\/div><\/figure><figure class='gallery-item'>\n\t\t\t<div class='gallery-icon portrait'>\n\t\t\t\t<a href='https:\/\/www.lyceejeanbart.fr\/index.php\/2022\/12\/05\/resultats-du-cross-departemental-a-armentieres-30-11\/cr6\/'><img loading=\"lazy\" decoding=\"async\" width=\"150\" height=\"150\" src=\"https:\/\/www.lyceejeanbart.fr\/wp-content\/uploads\/2022\/11\/cr6-150x150.jpg\" class=\"attachment-thumbnail size-thumbnail\" alt=\"\" \/><\/a>\n\t\t\t<\/div><\/figure><figure class='gallery-item'>\n\t\t\t<div class='gallery-icon portrait'>\n\t\t\t\t<a href='https:\/\/www.lyceejeanbart.fr\/index.php\/2022\/12\/05\/resultats-du-cross-departemental-a-armentieres-30-11\/cr7\/'><img loading=\"lazy\" decoding=\"async\" width=\"150\" height=\"150\" src=\"https:\/\/www.lyceejeanbart.fr\/wp-content\/uploads\/2022\/11\/cr7-150x150.jpg\" class=\"attachment-thumbnail size-thumbnail\" alt=\"\" \/><\/a>\n\t\t\t<\/div><\/figure><figure class='gallery-item'>\n\t\t\t<div class='gallery-icon portrait'>\n\t\t\t\t<a href='https:\/\/www.lyceejeanbart.fr\/index.php\/2022\/12\/05\/resultats-du-cross-departemental-a-armentieres-30-11\/cr\/'><img loading=\"lazy\" decoding=\"async\" width=\"150\" height=\"150\" src=\"https:\/\/www.lyceejeanbart.fr\/wp-content\/uploads\/2022\/11\/cr-150x150.jpg\" class=\"attachment-thumbnail size-thumbnail\" alt=\"\" \/><\/a>\n\t\t\t<\/div><\/figure>\n\t\t<\/div>\n\n","protected":false},"excerpt":{"rendered":"<p>Nos \u00e9l\u00e8ves ont \u00e0 nouveau d\u00e9fendu les couleurs du lyc\u00e9e Jean Bart en remportant une m\u00e9daille d&rsquo;or pour Agathe Foucault( junior) ainsi que pour Adam Acket et Matt\u00e9o Haezebrouck qui montent tous les deux sur la 1\u00e8re marche du podium suivi par Samuel Dumey sur la 3\u00e8me. Nous esp\u00e9rons une qualification par \u00e9quipe pour le [&hellip;]<\/p>\n","protected":false},"author":13,"featured_media":0,"comment_status":"closed","ping_status":"closed","sticky":false,"template":"","format":"standard","meta":{"ocean_post_layout":"","ocean_both_sidebars_style":"","ocean_both_sidebars_content_width":0,"ocean_both_sidebars_sidebars_width":0,"ocean_sidebar":"0","ocean_second_sidebar":"0","ocean_disable_margins":"enable","ocean_add_body_class":"","ocean_shortcode_before_top_bar":"","ocean_shortcode_after_top_bar":"","ocean_shortcode_before_header":"","ocean_shortcode_after_header":"","ocean_has_shortcode":"","ocean_shortcode_after_title":"","ocean_shortcode_before_footer_widgets":"","ocean_shortcode_after_footer_widgets":"","ocean_shortcode_before_footer_bottom":"","ocean_shortcode_after_footer_bottom":"","ocean_display_top_bar":"default","ocean_display_header":"default","ocean_header_style":"","ocean_center_header_left_menu":"0","ocean_custom_header_template":"0","ocean_custom_logo":0,"ocean_custom_retina_logo":0,"ocean_custom_logo_max_width":0,"ocean_custom_logo_tablet_max_width":0,"ocean_custom_logo_mobile_max_width":0,"ocean_custom_logo_max_height":0,"ocean_custom_logo_tablet_max_height":0,"ocean_custom_logo_mobile_max_height":0,"ocean_header_custom_menu":"0","ocean_menu_typo_font_family":"0","ocean_menu_typo_font_subset":"","ocean_menu_typo_font_size":0,"ocean_menu_typo_font_size_tablet":0,"ocean_menu_typo_font_size_mobile":0,"ocean_menu_typo_font_size_unit":"px","ocean_menu_typo_font_weight":"","ocean_menu_typo_font_weight_tablet":"","ocean_menu_typo_font_weight_mobile":"","ocean_menu_typo_transform":"","ocean_menu_typo_transform_tablet":"","ocean_menu_typo_transform_mobile":"","ocean_menu_typo_line_height":0,"ocean_menu_typo_line_height_tablet":0,"ocean_menu_typo_line_height_mobile":0,"ocean_menu_typo_line_height_unit":"","ocean_menu_typo_spacing":0,"ocean_menu_typo_spacing_tablet":0,"ocean_menu_typo_spacing_mobile":0,"ocean_menu_typo_spacing_unit":"","ocean_menu_link_color":"","ocean_menu_link_color_hover":"","ocean_menu_link_color_active":"","ocean_menu_link_background":"","ocean_menu_link_hover_background":"","ocean_menu_link_active_background":"","ocean_menu_social_links_bg":"","ocean_menu_social_hover_links_bg":"","ocean_menu_social_links_color":"","ocean_menu_social_hover_links_color":"","ocean_disable_title":"default","ocean_disable_heading":"default","ocean_post_title":"","ocean_post_subheading":"","ocean_post_title_style":"","ocean_post_title_background_color":"","ocean_post_title_background":0,"ocean_post_title_bg_image_position":"","ocean_post_title_bg_image_attachment":"","ocean_post_title_bg_image_repeat":"","ocean_post_title_bg_image_size":"","ocean_post_title_height":0,"ocean_post_title_bg_overlay":0.5,"ocean_post_title_bg_overlay_color":"","ocean_disable_breadcrumbs":"default","ocean_breadcrumbs_color":"","ocean_breadcrumbs_separator_color":"","ocean_breadcrumbs_links_color":"","ocean_breadcrumbs_links_hover_color":"","ocean_display_footer_widgets":"default","ocean_display_footer_bottom":"default","ocean_custom_footer_template":"0","footnotes":"","ocean_post_oembed":"","ocean_post_self_hosted_media":"","ocean_post_video_embed":"","ocean_link_format":"","ocean_link_format_target":"self","ocean_quote_format":"","ocean_quote_format_link":"post","ocean_gallery_link_images":"off","ocean_gallery_id":[]},"categories":[70],"tags":[],"_links":{"self":[{"href":"https:\/\/www.lyceejeanbart.fr\/index.php\/wp-json\/wp\/v2\/posts\/5620"}],"collection":[{"href":"https:\/\/www.lyceejeanbart.fr\/index.php\/wp-json\/wp\/v2\/posts"}],"about":[{"href":"https:\/\/www.lyceejeanbart.fr\/index.php\/wp-json\/wp\/v2\/types\/post"}],"author":[{"embeddable":true,"href":"https:\/\/www.lyceejeanbart.fr\/index.php\/wp-json\/wp\/v2\/users\/13"}],"replies":[{"embeddable":true,"href":"https:\/\/www.lyceejeanbart.fr\/index.php\/wp-json\/wp\/v2\/comments?post=5620"}],"version-history":[{"count":1,"href":"https:\/\/www.lyceejeanbart.fr\/index.php\/wp-json\/wp\/v2\/posts\/5620\/revisions"}],"predecessor-version":[{"id":5636,"href":"https:\/\/www.lyceejeanbart.fr\/index.php\/wp-json\/wp\/v2\/posts\/5620\/revisions\/5636"}],"wp:attachment":[{"href":"https:\/\/www.lyceejeanbart.fr\/index.php\/wp-json\/wp\/v2\/media?parent=5620"}],"wp:term":[{"taxonomy":"category","embeddable":true,"href":"https:\/\/www.lyceejeanbart.fr\/index.php\/wp-json\/wp\/v2\/categories?post=5620"},{"taxonomy":"post_tag","embeddable":true,"href":"https:\/\/www.lyceejeanbart.fr\/index.php\/wp-json\/wp\/v2\/tags?post=5620"}],"curies":[{"name":"wp","href":"https:\/\/api.w.org\/{rel}","templated":true}]}}