{"id":5692,"date":"2021-02-03T07:58:02","date_gmt":"2021-02-03T06:58:02","guid":{"rendered":"https:\/\/www.lyceejeanbart.fr\/?p=5692"},"modified":"2023-01-23T08:56:44","modified_gmt":"2023-01-23T07:56:44","slug":"10-mai-2019-samantha-barendson-2","status":"publish","type":"post","link":"https:\/\/www.lyceejeanbart.fr\/index.php\/2021\/02\/03\/10-mai-2019-samantha-barendson-2\/","title":{"rendered":"10 Mai 2019 Samantha Barendson"},"content":{"rendered":"<div class=\"texte surlignable clearfix\">\n<p>Samantha Barendson<\/p>\n<p>Le vendredi 10 mai 2019, l\u2019\u00e9crivaine Samantha Barendson est venue au lyc\u00e9e rencontrer les 2D6 de monsieur Petel (professeur de fran\u00e7ais) et les Terminales litt\u00e9raires de madame Vandewalle ( professeur d\u2019espagnol) .<br class=\"autobr\" \/>Les secondes avaient lu des extraits du roman \u00ab\u00a0Le Citronnier\u00a0\u00bb et du recueil de po\u00e8mes \u00ab\u00a0Machine arri\u00e8re\u00a0\u00bb\u00a0, et travaill\u00e9 entre autres sur la part autobiographique du roman , sur l\u2019aspect philosophique des livres &#8230;Les terminales avaient travaill\u00e9 \u00e0 partir d\u2019extraits\u00a0,en espagnol cette fois, du \u00ab\u00a0Citronnier\u00a0\u00bb.<br class=\"autobr\" \/>Les \u00e9l\u00e8ves avaient r\u00e9alis\u00e9 des affiches , des po\u00e8mes et des lettres qu\u2019ils ont pr\u00e9sent\u00e9s lors de la rencontre.<br class=\"autobr\" \/>Avec les secondes, l\u2019intervention s\u2019est d\u00e9roul\u00e9e en fran\u00e7ais. L\u2019auteure a lu des passages de son roman. Elle a parl\u00e9 de l\u2019\u00e9criture du deuil, de l\u2019enqu\u00eate men\u00e9e sur son p\u00e8re, dans le roman, de la symbolique de l\u2019arbre, des \u00e9l\u00e9ments fictifs ajout\u00e9s \u00e0 l\u2019autobiographie\u2026<br class=\"autobr\" \/>Pour les terminales, l\u2019intervention s\u2019est d\u00e9roul\u00e9e en espagnol, Samantha Barendson \u00e9tant originaire d\u2019Argentine. Les \u00e9l\u00e8ves ont pos\u00e9 de nombreuses questions\u00a0: sur l\u2019inspiration, sur la notori\u00e9t\u00e9 d\u2019\u00e9crivain et ses cons\u00e9quences .\u00a0..L\u2019\u00e9crivaine a parl\u00e9 de l\u2019\u00e9criture, des auteurs qu\u2019elle aimait, de la n\u00e9cessit\u00e9 de lire\u00a0; elle a lu le m\u00eame extrait de roman en espagnol et en fran\u00e7ais.<br class=\"autobr\" \/>Retenons de cette rencontre quelques phrases pioch\u00e9es dans les t\u00e9moignages des \u00e9l\u00e8ves\u00a0: \u00ab\u00a0j\u2019ai trouv\u00e9 ce moment touchant et amusant\u00a0\u00bb, \u00ab\u00a0sa bienveillance\u00a0\u00bb, une \u00ab\u00a0personne solaire, passionn\u00e9e par son m\u00e9tier\u00a0\u00bb.<br class=\"autobr\" \/>Les \u00e9l\u00e8ves la remercient pour cette belle rencontre.<\/p>\n<p>Article \u00e9crit par Carole Durant<\/p>\n<\/div>\n<div id=\"documents_portfolio\" class=\"bloc clearfix\">\n<h2>Portfolio<\/h2>\n<ul>\n<li><a class=\"cboxElement hasbox\" href=\"https:\/\/www.lyceejeanbart.fr\/IMG\/jpg\/samantha_barendson.jpg\" type=\"image\/jpeg\"><img decoding=\"async\" class=\"spip_logos\" src=\"https:\/\/www.lyceejeanbart.fr\/local\/cache-gd2\/a0\/2386a7821aaa16530d1b226420cf6c.jpg?1562144902\" alt=\"\" width=\"90\" height=\"90\" \/><\/a><a class=\"cboxElement hasbox\" href=\"https:\/\/www.lyceejeanbart.fr\/IMG\/jpg\/samantha_barendson_3_.jpg\" type=\"image\/jpeg\"><img decoding=\"async\" class=\"spip_logos\" src=\"https:\/\/www.lyceejeanbart.fr\/local\/cache-gd2\/34\/ed7631697a02147238bdb35b1975d8.jpg?1562144903\" alt=\"\" width=\"90\" height=\"90\" \/><\/a><a class=\"cboxElement hasbox\" href=\"https:\/\/www.lyceejeanbart.fr\/IMG\/jpg\/samantha_barendson_2_.jpg\" type=\"image\/jpeg\"><img decoding=\"async\" class=\"spip_logos\" src=\"https:\/\/www.lyceejeanbart.fr\/local\/cache-gd2\/a4\/956fce5f82c9c9f87ff80ec80d01c5.jpg?1562144903\" alt=\"\" width=\"90\" height=\"90\" \/><\/a><\/li>\n<\/ul>\n<\/div>\n","protected":false},"excerpt":{"rendered":"<p>Samantha Barendson Le vendredi 10 mai 2019, l\u2019\u00e9crivaine Samantha Barendson est venue au lyc\u00e9e rencontrer les 2D6 de monsieur Petel (professeur de fran\u00e7ais) et les Terminales litt\u00e9raires de madame Vandewalle ( professeur d\u2019espagnol) .Les secondes avaient lu des extraits du roman \u00ab\u00a0Le Citronnier\u00a0\u00bb et du recueil de po\u00e8mes \u00ab\u00a0Machine arri\u00e8re\u00a0\u00bb\u00a0, et travaill\u00e9 entre autres sur [&hellip;]<\/p>\n","protected":false},"author":1,"featured_media":0,"comment_status":"closed","ping_status":"closed","sticky":false,"template":"","format":"standard","meta":{"ocean_post_layout":"","ocean_both_sidebars_style":"","ocean_both_sidebars_content_width":0,"ocean_both_sidebars_sidebars_width":0,"ocean_sidebar":"0","ocean_second_sidebar":"0","ocean_disable_margins":"enable","ocean_add_body_class":"","ocean_shortcode_before_top_bar":"","ocean_shortcode_after_top_bar":"","ocean_shortcode_before_header":"","ocean_shortcode_after_header":"","ocean_has_shortcode":"","ocean_shortcode_after_title":"","ocean_shortcode_before_footer_widgets":"","ocean_shortcode_after_footer_widgets":"","ocean_shortcode_before_footer_bottom":"","ocean_shortcode_after_footer_bottom":"","ocean_display_top_bar":"default","ocean_display_header":"default","ocean_header_style":"","ocean_center_header_left_menu":"0","ocean_custom_header_template":"0","ocean_custom_logo":0,"ocean_custom_retina_logo":0,"ocean_custom_logo_max_width":0,"ocean_custom_logo_tablet_max_width":0,"ocean_custom_logo_mobile_max_width":0,"ocean_custom_logo_max_height":0,"ocean_custom_logo_tablet_max_height":0,"ocean_custom_logo_mobile_max_height":0,"ocean_header_custom_menu":"0","ocean_menu_typo_font_family":"0","ocean_menu_typo_font_subset":"","ocean_menu_typo_font_size":0,"ocean_menu_typo_font_size_tablet":0,"ocean_menu_typo_font_size_mobile":0,"ocean_menu_typo_font_size_unit":"px","ocean_menu_typo_font_weight":"","ocean_menu_typo_font_weight_tablet":"","ocean_menu_typo_font_weight_mobile":"","ocean_menu_typo_transform":"","ocean_menu_typo_transform_tablet":"","ocean_menu_typo_transform_mobile":"","ocean_menu_typo_line_height":0,"ocean_menu_typo_line_height_tablet":0,"ocean_menu_typo_line_height_mobile":0,"ocean_menu_typo_line_height_unit":"","ocean_menu_typo_spacing":0,"ocean_menu_typo_spacing_tablet":0,"ocean_menu_typo_spacing_mobile":0,"ocean_menu_typo_spacing_unit":"","ocean_menu_link_color":"","ocean_menu_link_color_hover":"","ocean_menu_link_color_active":"","ocean_menu_link_background":"","ocean_menu_link_hover_background":"","ocean_menu_link_active_background":"","ocean_menu_social_links_bg":"","ocean_menu_social_hover_links_bg":"","ocean_menu_social_links_color":"","ocean_menu_social_hover_links_color":"","ocean_disable_title":"default","ocean_disable_heading":"default","ocean_post_title":"","ocean_post_subheading":"","ocean_post_title_style":"","ocean_post_title_background_color":"","ocean_post_title_background":0,"ocean_post_title_bg_image_position":"","ocean_post_title_bg_image_attachment":"","ocean_post_title_bg_image_repeat":"","ocean_post_title_bg_image_size":"","ocean_post_title_height":0,"ocean_post_title_bg_overlay":0.5,"ocean_post_title_bg_overlay_color":"","ocean_disable_breadcrumbs":"default","ocean_breadcrumbs_color":"","ocean_breadcrumbs_separator_color":"","ocean_breadcrumbs_links_color":"","ocean_breadcrumbs_links_hover_color":"","ocean_display_footer_widgets":"default","ocean_display_footer_bottom":"default","ocean_custom_footer_template":"0","footnotes":"","ocean_post_oembed":"","ocean_post_self_hosted_media":"","ocean_post_video_embed":"","ocean_link_format":"","ocean_link_format_target":"self","ocean_quote_format":"","ocean_quote_format_link":"post","ocean_gallery_link_images":"off","ocean_gallery_id":[]},"categories":[83],"tags":[],"_links":{"self":[{"href":"https:\/\/www.lyceejeanbart.fr\/index.php\/wp-json\/wp\/v2\/posts\/5692"}],"collection":[{"href":"https:\/\/www.lyceejeanbart.fr\/index.php\/wp-json\/wp\/v2\/posts"}],"about":[{"href":"https:\/\/www.lyceejeanbart.fr\/index.php\/wp-json\/wp\/v2\/types\/post"}],"author":[{"embeddable":true,"href":"https:\/\/www.lyceejeanbart.fr\/index.php\/wp-json\/wp\/v2\/users\/1"}],"replies":[{"embeddable":true,"href":"https:\/\/www.lyceejeanbart.fr\/index.php\/wp-json\/wp\/v2\/comments?post=5692"}],"version-history":[{"count":3,"href":"https:\/\/www.lyceejeanbart.fr\/index.php\/wp-json\/wp\/v2\/posts\/5692\/revisions"}],"predecessor-version":[{"id":5723,"href":"https:\/\/www.lyceejeanbart.fr\/index.php\/wp-json\/wp\/v2\/posts\/5692\/revisions\/5723"}],"wp:attachment":[{"href":"https:\/\/www.lyceejeanbart.fr\/index.php\/wp-json\/wp\/v2\/media?parent=5692"}],"wp:term":[{"taxonomy":"category","embeddable":true,"href":"https:\/\/www.lyceejeanbart.fr\/index.php\/wp-json\/wp\/v2\/categories?post=5692"},{"taxonomy":"post_tag","embeddable":true,"href":"https:\/\/www.lyceejeanbart.fr\/index.php\/wp-json\/wp\/v2\/tags?post=5692"}],"curies":[{"name":"wp","href":"https:\/\/api.w.org\/{rel}","templated":true}]}}