{"id":5702,"date":"2021-02-03T07:46:54","date_gmt":"2021-02-03T06:46:54","guid":{"rendered":"https:\/\/www.lyceejeanbart.fr\/?p=5702"},"modified":"2023-01-23T08:57:20","modified_gmt":"2023-01-23T07:57:20","slug":"paola-pigani-le-11-avril-2018-lecrivaine-2","status":"publish","type":"post","link":"https:\/\/www.lyceejeanbart.fr\/index.php\/2021\/02\/03\/paola-pigani-le-11-avril-2018-lecrivaine-2\/","title":{"rendered":"Paola Pigani Le 11 avril 2018, l\u2019\u00e9crivaine&#8230;"},"content":{"rendered":"<div class=\"texte surlignable clearfix\">\n<p>Paola Pigani<br class=\"autobr\" \/>Le 11 avril 2018, l\u2019\u00e9crivaine Paola Pigani est venue au lyc\u00e9e rencontrer les 2D4 et les 2D8\u00a0.<br class=\"autobr\" \/>Les \u00e9l\u00e8ves de 2D4 avaient pr\u00e9par\u00e9 la venue avec Jean-Pierre Petel\u00a0: en lisant plusieurs extraits de \u00ab\u00a0N\u2019entre pas dans mon \u00e2me avec tes chaussures\u00a0\u00bb , des nouvelles extraites de \u00ab\u00a0Concertina\u00a0\u00bb, des po\u00e8mes extraits d\u00a0\u2018 \u00ab\u00a0Indovina\u00a0\u00bb&#8230; ils avaient effectu\u00e9 plusieurs recherches sur le contexte historique des romans\u00a0, \u00e9crit des textes ou po\u00e8mes sur l\u2019immigration\u2026<br class=\"autobr\" \/>Les \u00e9l\u00e8ves de 2D8\u00a0,avec Maryse Taccoen\u00a0, avaient \u00e9tudi\u00e9 plusieurs po\u00e8mes extraits de \u00ab\u00a0Indovina\u00a0\u00bb, quelques nouvelles extraites de \u00ab\u00a0Concertina\u00a0\u00bb et un extrait de \u00ab\u00a0Venus d\u2019ailleurs\u00a0\u00bb.<br class=\"autobr\" \/>Les \u00e9changes entre l\u2019\u00e9crivaine et les \u00e9l\u00e8ves ont \u00e9t\u00e9 fructueux, ils ont permis de mieux cerner ce que c\u2019est d\u2019\u00eatre \u00e9crivain , ce qu\u2019est l\u2019 \u00e9criture, et questionner l\u2019auteure sur la vari\u00e9t\u00e9 des ouvrages,le contexte historique ou d\u2019actualit\u00e9, le th\u00e8me de l\u2019engagement\u2026<\/p>\n<p>Article \u00e9crit par Carole Durant<\/p>\n<\/div>\n","protected":false},"excerpt":{"rendered":"<p>Paola PiganiLe 11 avril 2018, l\u2019\u00e9crivaine Paola Pigani est venue au lyc\u00e9e rencontrer les 2D4 et les 2D8\u00a0.Les \u00e9l\u00e8ves de 2D4 avaient pr\u00e9par\u00e9 la venue avec Jean-Pierre Petel\u00a0: en lisant plusieurs extraits de \u00ab\u00a0N\u2019entre pas dans mon \u00e2me avec tes chaussures\u00a0\u00bb , des nouvelles extraites de \u00ab\u00a0Concertina\u00a0\u00bb, des po\u00e8mes extraits d\u00a0\u2018 \u00ab\u00a0Indovina\u00a0\u00bb&#8230; ils avaient effectu\u00e9 [&hellip;]<\/p>\n","protected":false},"author":1,"featured_media":0,"comment_status":"closed","ping_status":"closed","sticky":false,"template":"","format":"standard","meta":{"ocean_post_layout":"","ocean_both_sidebars_style":"","ocean_both_sidebars_content_width":0,"ocean_both_sidebars_sidebars_width":0,"ocean_sidebar":"0","ocean_second_sidebar":"0","ocean_disable_margins":"enable","ocean_add_body_class":"","ocean_shortcode_before_top_bar":"","ocean_shortcode_after_top_bar":"","ocean_shortcode_before_header":"","ocean_shortcode_after_header":"","ocean_has_shortcode":"","ocean_shortcode_after_title":"","ocean_shortcode_before_footer_widgets":"","ocean_shortcode_after_footer_widgets":"","ocean_shortcode_before_footer_bottom":"","ocean_shortcode_after_footer_bottom":"","ocean_display_top_bar":"default","ocean_display_header":"default","ocean_header_style":"","ocean_center_header_left_menu":"0","ocean_custom_header_template":"0","ocean_custom_logo":0,"ocean_custom_retina_logo":0,"ocean_custom_logo_max_width":0,"ocean_custom_logo_tablet_max_width":0,"ocean_custom_logo_mobile_max_width":0,"ocean_custom_logo_max_height":0,"ocean_custom_logo_tablet_max_height":0,"ocean_custom_logo_mobile_max_height":0,"ocean_header_custom_menu":"0","ocean_menu_typo_font_family":"0","ocean_menu_typo_font_subset":"","ocean_menu_typo_font_size":0,"ocean_menu_typo_font_size_tablet":0,"ocean_menu_typo_font_size_mobile":0,"ocean_menu_typo_font_size_unit":"px","ocean_menu_typo_font_weight":"","ocean_menu_typo_font_weight_tablet":"","ocean_menu_typo_font_weight_mobile":"","ocean_menu_typo_transform":"","ocean_menu_typo_transform_tablet":"","ocean_menu_typo_transform_mobile":"","ocean_menu_typo_line_height":0,"ocean_menu_typo_line_height_tablet":0,"ocean_menu_typo_line_height_mobile":0,"ocean_menu_typo_line_height_unit":"","ocean_menu_typo_spacing":0,"ocean_menu_typo_spacing_tablet":0,"ocean_menu_typo_spacing_mobile":0,"ocean_menu_typo_spacing_unit":"","ocean_menu_link_color":"","ocean_menu_link_color_hover":"","ocean_menu_link_color_active":"","ocean_menu_link_background":"","ocean_menu_link_hover_background":"","ocean_menu_link_active_background":"","ocean_menu_social_links_bg":"","ocean_menu_social_hover_links_bg":"","ocean_menu_social_links_color":"","ocean_menu_social_hover_links_color":"","ocean_disable_title":"default","ocean_disable_heading":"default","ocean_post_title":"","ocean_post_subheading":"","ocean_post_title_style":"","ocean_post_title_background_color":"","ocean_post_title_background":0,"ocean_post_title_bg_image_position":"","ocean_post_title_bg_image_attachment":"","ocean_post_title_bg_image_repeat":"","ocean_post_title_bg_image_size":"","ocean_post_title_height":0,"ocean_post_title_bg_overlay":0.5,"ocean_post_title_bg_overlay_color":"","ocean_disable_breadcrumbs":"default","ocean_breadcrumbs_color":"","ocean_breadcrumbs_separator_color":"","ocean_breadcrumbs_links_color":"","ocean_breadcrumbs_links_hover_color":"","ocean_display_footer_widgets":"default","ocean_display_footer_bottom":"default","ocean_custom_footer_template":"0","footnotes":"","ocean_post_oembed":"","ocean_post_self_hosted_media":"","ocean_post_video_embed":"","ocean_link_format":"","ocean_link_format_target":"self","ocean_quote_format":"","ocean_quote_format_link":"post","ocean_gallery_link_images":"off","ocean_gallery_id":[]},"categories":[83],"tags":[],"_links":{"self":[{"href":"https:\/\/www.lyceejeanbart.fr\/index.php\/wp-json\/wp\/v2\/posts\/5702"}],"collection":[{"href":"https:\/\/www.lyceejeanbart.fr\/index.php\/wp-json\/wp\/v2\/posts"}],"about":[{"href":"https:\/\/www.lyceejeanbart.fr\/index.php\/wp-json\/wp\/v2\/types\/post"}],"author":[{"embeddable":true,"href":"https:\/\/www.lyceejeanbart.fr\/index.php\/wp-json\/wp\/v2\/users\/1"}],"replies":[{"embeddable":true,"href":"https:\/\/www.lyceejeanbart.fr\/index.php\/wp-json\/wp\/v2\/comments?post=5702"}],"version-history":[{"count":3,"href":"https:\/\/www.lyceejeanbart.fr\/index.php\/wp-json\/wp\/v2\/posts\/5702\/revisions"}],"predecessor-version":[{"id":5727,"href":"https:\/\/www.lyceejeanbart.fr\/index.php\/wp-json\/wp\/v2\/posts\/5702\/revisions\/5727"}],"wp:attachment":[{"href":"https:\/\/www.lyceejeanbart.fr\/index.php\/wp-json\/wp\/v2\/media?parent=5702"}],"wp:term":[{"taxonomy":"category","embeddable":true,"href":"https:\/\/www.lyceejeanbart.fr\/index.php\/wp-json\/wp\/v2\/categories?post=5702"},{"taxonomy":"post_tag","embeddable":true,"href":"https:\/\/www.lyceejeanbart.fr\/index.php\/wp-json\/wp\/v2\/tags?post=5702"}],"curies":[{"name":"wp","href":"https:\/\/api.w.org\/{rel}","templated":true}]}}