{"id":6546,"date":"2023-11-16T11:33:17","date_gmt":"2023-11-16T10:33:17","guid":{"rendered":"https:\/\/www.lyceejeanbart.fr\/?p=6546"},"modified":"2023-11-16T11:34:27","modified_gmt":"2023-11-16T10:34:27","slug":"cross-du-district-unss-du-15-novembre-2023-a-malo-les-bains","status":"publish","type":"post","link":"https:\/\/www.lyceejeanbart.fr\/index.php\/2023\/11\/16\/cross-du-district-unss-du-15-novembre-2023-a-malo-les-bains\/","title":{"rendered":"CROSS du District UNSS du 15 novembre 2023 \u00e0 Malo-les-Bains"},"content":{"rendered":"<p>Nos \u00e9l\u00e8ves ont d\u00e9fendu avec brio les couleurs du lyc\u00e9e Jean Bart ce mercredi 15 novembre.<\/p>\n<p>Notre cadette Astrid Abeele monte sur la 3\u00e8me marche du podium et nos juniors Victoire Defossez et C\u00e9lestine Delecambre sur la deuxi\u00e8me et la troisi\u00e8me marche. Notre \u00e9quipe mixte termine 3\u00e8me\/ 18 \u00e9quipes engag\u00e9es.<\/p>\n<p>Bravo \u00e0 tous pour votre participation et vos belles performances.<\/p>\n<div id='gallery-1' class='gallery galleryid-6546 gallery-columns-3 gallery-size-thumbnail'><figure class='gallery-item'>\n\t\t\t<div class='gallery-icon portrait'>\n\t\t\t\t<a href='https:\/\/www.lyceejeanbart.fr\/index.php\/2023\/11\/16\/cross-du-district-unss-du-15-novembre-2023-a-malo-les-bains\/cross-1\/'><img decoding=\"async\" width=\"150\" height=\"150\" src=\"https:\/\/www.lyceejeanbart.fr\/wp-content\/uploads\/2023\/11\/cross-1-150x150.jpg\" class=\"attachment-thumbnail size-thumbnail\" alt=\"\" srcset=\"https:\/\/www.lyceejeanbart.fr\/wp-content\/uploads\/2023\/11\/cross-1-150x150.jpg 150w, https:\/\/www.lyceejeanbart.fr\/wp-content\/uploads\/2023\/11\/cross-1-600x600.jpg 600w\" sizes=\"(max-width: 150px) 100vw, 150px\" \/><\/a>\n\t\t\t<\/div><\/figure><figure class='gallery-item'>\n\t\t\t<div class='gallery-icon landscape'>\n\t\t\t\t<a href='https:\/\/www.lyceejeanbart.fr\/index.php\/2023\/11\/16\/cross-du-district-unss-du-15-novembre-2023-a-malo-les-bains\/cross\/'><img decoding=\"async\" width=\"150\" height=\"150\" src=\"https:\/\/www.lyceejeanbart.fr\/wp-content\/uploads\/2023\/11\/cross-150x150.jpg\" class=\"attachment-thumbnail size-thumbnail\" alt=\"\" srcset=\"https:\/\/www.lyceejeanbart.fr\/wp-content\/uploads\/2023\/11\/cross-150x150.jpg 150w, https:\/\/www.lyceejeanbart.fr\/wp-content\/uploads\/2023\/11\/cross-600x600.jpg 600w\" sizes=\"(max-width: 150px) 100vw, 150px\" \/><\/a>\n\t\t\t<\/div><\/figure><figure class='gallery-item'>\n\t\t\t<div class='gallery-icon portrait'>\n\t\t\t\t<a href='https:\/\/www.lyceejeanbart.fr\/index.php\/2023\/11\/16\/cross-du-district-unss-du-15-novembre-2023-a-malo-les-bains\/cross2\/'><img decoding=\"async\" width=\"150\" height=\"150\" src=\"https:\/\/www.lyceejeanbart.fr\/wp-content\/uploads\/2023\/11\/cross2-150x150.jpg\" class=\"attachment-thumbnail size-thumbnail\" alt=\"\" srcset=\"https:\/\/www.lyceejeanbart.fr\/wp-content\/uploads\/2023\/11\/cross2-150x150.jpg 150w, https:\/\/www.lyceejeanbart.fr\/wp-content\/uploads\/2023\/11\/cross2-600x600.jpg 600w\" sizes=\"(max-width: 150px) 100vw, 150px\" \/><\/a>\n\t\t\t<\/div><\/figure>\n\t\t<\/div>\n\n","protected":false},"excerpt":{"rendered":"<p>Nos \u00e9l\u00e8ves ont d\u00e9fendu avec brio les couleurs du lyc\u00e9e Jean Bart ce mercredi 15 novembre. Notre cadette Astrid Abeele monte sur la 3\u00e8me marche du podium et nos juniors Victoire Defossez et C\u00e9lestine Delecambre sur la deuxi\u00e8me et la troisi\u00e8me marche. Notre \u00e9quipe mixte termine 3\u00e8me\/ 18 \u00e9quipes engag\u00e9es. Bravo \u00e0 tous pour votre [&hellip;]<\/p>\n","protected":false},"author":13,"featured_media":0,"comment_status":"closed","ping_status":"closed","sticky":false,"template":"","format":"standard","meta":{"ocean_post_layout":"","ocean_both_sidebars_style":"","ocean_both_sidebars_content_width":0,"ocean_both_sidebars_sidebars_width":0,"ocean_sidebar":"","ocean_second_sidebar":"","ocean_disable_margins":"enable","ocean_add_body_class":"","ocean_shortcode_before_top_bar":"","ocean_shortcode_after_top_bar":"","ocean_shortcode_before_header":"","ocean_shortcode_after_header":"","ocean_has_shortcode":"","ocean_shortcode_after_title":"","ocean_shortcode_before_footer_widgets":"","ocean_shortcode_after_footer_widgets":"","ocean_shortcode_before_footer_bottom":"","ocean_shortcode_after_footer_bottom":"","ocean_display_top_bar":"default","ocean_display_header":"default","ocean_header_style":"","ocean_center_header_left_menu":"","ocean_custom_header_template":"","ocean_custom_logo":0,"ocean_custom_retina_logo":0,"ocean_custom_logo_max_width":0,"ocean_custom_logo_tablet_max_width":0,"ocean_custom_logo_mobile_max_width":0,"ocean_custom_logo_max_height":0,"ocean_custom_logo_tablet_max_height":0,"ocean_custom_logo_mobile_max_height":0,"ocean_header_custom_menu":"","ocean_menu_typo_font_family":"","ocean_menu_typo_font_subset":"","ocean_menu_typo_font_size":0,"ocean_menu_typo_font_size_tablet":0,"ocean_menu_typo_font_size_mobile":0,"ocean_menu_typo_font_size_unit":"px","ocean_menu_typo_font_weight":"","ocean_menu_typo_font_weight_tablet":"","ocean_menu_typo_font_weight_mobile":"","ocean_menu_typo_transform":"","ocean_menu_typo_transform_tablet":"","ocean_menu_typo_transform_mobile":"","ocean_menu_typo_line_height":0,"ocean_menu_typo_line_height_tablet":0,"ocean_menu_typo_line_height_mobile":0,"ocean_menu_typo_line_height_unit":"","ocean_menu_typo_spacing":0,"ocean_menu_typo_spacing_tablet":0,"ocean_menu_typo_spacing_mobile":0,"ocean_menu_typo_spacing_unit":"","ocean_menu_link_color":"","ocean_menu_link_color_hover":"","ocean_menu_link_color_active":"","ocean_menu_link_background":"","ocean_menu_link_hover_background":"","ocean_menu_link_active_background":"","ocean_menu_social_links_bg":"","ocean_menu_social_hover_links_bg":"","ocean_menu_social_links_color":"","ocean_menu_social_hover_links_color":"","ocean_disable_title":"default","ocean_disable_heading":"default","ocean_post_title":"","ocean_post_subheading":"","ocean_post_title_style":"","ocean_post_title_background_color":"","ocean_post_title_background":0,"ocean_post_title_bg_image_position":"","ocean_post_title_bg_image_attachment":"","ocean_post_title_bg_image_repeat":"","ocean_post_title_bg_image_size":"","ocean_post_title_height":0,"ocean_post_title_bg_overlay":0.5,"ocean_post_title_bg_overlay_color":"","ocean_disable_breadcrumbs":"default","ocean_breadcrumbs_color":"","ocean_breadcrumbs_separator_color":"","ocean_breadcrumbs_links_color":"","ocean_breadcrumbs_links_hover_color":"","ocean_display_footer_widgets":"default","ocean_display_footer_bottom":"default","ocean_custom_footer_template":"","footnotes":"","ocean_post_oembed":"","ocean_post_self_hosted_media":"","ocean_post_video_embed":"","ocean_link_format":"","ocean_link_format_target":"self","ocean_quote_format":"","ocean_quote_format_link":"post","ocean_gallery_link_images":"on","ocean_gallery_id":[]},"categories":[70],"tags":[],"_links":{"self":[{"href":"https:\/\/www.lyceejeanbart.fr\/index.php\/wp-json\/wp\/v2\/posts\/6546"}],"collection":[{"href":"https:\/\/www.lyceejeanbart.fr\/index.php\/wp-json\/wp\/v2\/posts"}],"about":[{"href":"https:\/\/www.lyceejeanbart.fr\/index.php\/wp-json\/wp\/v2\/types\/post"}],"author":[{"embeddable":true,"href":"https:\/\/www.lyceejeanbart.fr\/index.php\/wp-json\/wp\/v2\/users\/13"}],"replies":[{"embeddable":true,"href":"https:\/\/www.lyceejeanbart.fr\/index.php\/wp-json\/wp\/v2\/comments?post=6546"}],"version-history":[{"count":4,"href":"https:\/\/www.lyceejeanbart.fr\/index.php\/wp-json\/wp\/v2\/posts\/6546\/revisions"}],"predecessor-version":[{"id":6559,"href":"https:\/\/www.lyceejeanbart.fr\/index.php\/wp-json\/wp\/v2\/posts\/6546\/revisions\/6559"}],"wp:attachment":[{"href":"https:\/\/www.lyceejeanbart.fr\/index.php\/wp-json\/wp\/v2\/media?parent=6546"}],"wp:term":[{"taxonomy":"category","embeddable":true,"href":"https:\/\/www.lyceejeanbart.fr\/index.php\/wp-json\/wp\/v2\/categories?post=6546"},{"taxonomy":"post_tag","embeddable":true,"href":"https:\/\/www.lyceejeanbart.fr\/index.php\/wp-json\/wp\/v2\/tags?post=6546"}],"curies":[{"name":"wp","href":"https:\/\/api.w.org\/{rel}","templated":true}]}}