{"id":6578,"date":"2023-12-01T08:41:56","date_gmt":"2023-12-01T07:41:56","guid":{"rendered":"https:\/\/www.lyceejeanbart.fr\/?p=6578"},"modified":"2023-12-23T10:04:28","modified_gmt":"2023-12-23T09:04:28","slug":"vision-denfant-ecriture-dadulte","status":"publish","type":"post","link":"https:\/\/www.lyceejeanbart.fr\/index.php\/2023\/12\/01\/vision-denfant-ecriture-dadulte\/","title":{"rendered":"Vision d\u2019enfant, \u00e9criture d\u2019adulte"},"content":{"rendered":"<p style=\"text-align: left;\">Le 21 novembre 2023, la romanci\u00e8re Velina Minkoff a \u00e9t\u00e9 re\u00e7ue au CDI par les \u00e9l\u00e8ves de 1G7, leur professeur de Fran\u00e7ais Monsieur Petel et la documentaliste Madame Durant.<\/p>\n<p style=\"text-align: left;\"><img fetchpriority=\"high\" decoding=\"async\" class=\"wp-image-6579 alignleft\" src=\"https:\/\/www.lyceejeanbart.fr\/wp-content\/uploads\/2023\/12\/Velina-Minkoff.jpg\" alt=\"\" width=\"196\" height=\"358\" srcset=\"https:\/\/www.lyceejeanbart.fr\/wp-content\/uploads\/2023\/12\/Velina-Minkoff.jpg 628w, https:\/\/www.lyceejeanbart.fr\/wp-content\/uploads\/2023\/12\/Velina-Minkoff-164x300.jpg 164w, https:\/\/www.lyceejeanbart.fr\/wp-content\/uploads\/2023\/12\/Velina-Minkoff-560x1024.jpg 560w\" sizes=\"(max-width: 196px) 100vw, 196px\" \/><\/p>\n<p>Alors en r\u00e9sidence \u00e0 la Villa Marguerite Yourcenar, l\u2019\u00e9crivaine originaire de Bulgarie est venue rencontrer nos \u00e9l\u00e8ves. Ceux-ci avaient pr\u00e9alablement \u00e9tudi\u00e9 des extraits de ses deux ouvrages traduits en Fran\u00e7ais, \u00ab Le Grand Leader doit venir nous voir \u00bb ( un roman) et \u00ab Les shorts rouges \u00bb (des nouvelles) .<\/p>\n<p>Pendant la premi\u00e8re partie de la rencontre, Velina Minkoff a fait un panorama du contexte historique des livres, sur \u00e9cran (pr\u00e9sentation Power Point)\u00a0: les th\u00e8mes abord\u00e9s furent l\u2019URSS et le communisme, la Bulgarie, la culture musicale bulgare &#8230;La pr\u00e9sentation, imag\u00e9e et dynamique captiva autant les \u00e9l\u00e8ves que les enseignants\u00a0! Toutes notions qui permettent d\u2019appr\u00e9hender ses r\u00e9cits sur fond de communisme bulgare, alors qu\u2019elle \u00e9tait enfant et adolescente, dans les ann\u00e9es 1980-1990.<\/p>\n<p>Puis les \u00e9l\u00e8ves ont pos\u00e9 toutes sortes de questions et lu des extraits de romans dont le ton na\u00eff r\u00e9sonnait comme l\u2019\u00e9criture de l\u2019autrice, \u00e0 l\u2019image du \u00ab Petit Nicolas\u00a0\u00bb.<\/p>\n<p>Elle nous \u00e9tonna quand elle expliqua que son envie d\u2019\u00e9crire son roman avait \u00e9t\u00e9 d\u00e9clench\u00e9e par le souvenir de la chute du mur de Berlin en 1989, mais qu\u2019elle avait par ailleurs eu du mal \u00e0 retrouver ses souvenirs. Ses r\u00e9cits ont l\u2019\u00e9criture na\u00efve de l\u2019enfance mais rel\u00e8vent bien du travail de recherche et de travail de l\u2019\u00e9crivaine adulte. Une r\u00e9flexion sur l\u2019autobiographie, une illustration concr\u00e8te pour les adolescents de la signification du mot \u00ab\u00a0autobiographie\u00a0\u00bb. Elle avait souhait\u00e9 cr\u00e9er \u00ab\u00a0une bulle de temps\u00a0\u00bb, o\u00f9 \u00ab\u00a0les choses se passent comme \u00e0 l\u2019\u00e9poque\u00a0\u00bb.<\/p>\n<p>Les ouvrages et leur autrice amen\u00e8rent aussi \u00e0 se questionner sur la n\u00e9cessit\u00e9 d\u00ab\u00a0\u00e9crire pour ne pas oublier\u00a0\u00bb\u00a0: le devoir de m\u00e9moire.<\/p>\n<p>Elle raconta avec enjouement l\u2019attrait des jeunes des pays de l\u2019Est pour les chewing-gums de couleur, que l\u2019on ne trouvait qu\u2019\u00e0 l\u2019Ouest, pour illustrer l\u2019\u00e9tat d\u2019esprit de cette p\u00e9riode.<\/p>\n<p>Les \u00e9l\u00e8ves avaient confectionn\u00e9 des affiches qu\u2019ils pr\u00e9sent\u00e8rent \u00e0 l\u2019\u00e9crivaine, sur le communisme de l\u2019URSS et sur la jeunesse dans les dictatures.<\/p>\n<p>Enfin, il fut question de son m\u00e9tier de traductrice, et de ses d\u00e9buts dans l\u2019\u00e9criture, qui sont issus de l\u2019art de la traduction litt\u00e9raire..<\/p>\n<p>L\u2019intervention laissa un parfum de bonne humeur, son dynamisme ayant plus que captiv\u00e9 les \u00e9l\u00e8ves.<\/p>\n<p>Litt\u00e9rature, histoire, esprit critique&#8230;un joli cadeau pour nous, merci \u00e0 elle.<\/p>\n<p>&nbsp;<\/p>\n<p>Article \u00e9crit par Carole Durant, documentaliste<\/p>\n<div class=\"notranslate\" style=\"all: initial;\"><\/div>\n","protected":false},"excerpt":{"rendered":"<p>Le 21 novembre 2023, la romanci\u00e8re Velina Minkoff a \u00e9t\u00e9 re\u00e7ue au CDI par les \u00e9l\u00e8ves de 1G7, leur professeur de Fran\u00e7ais Monsieur Petel et la documentaliste Madame Durant. Alors en r\u00e9sidence \u00e0 la Villa Marguerite Yourcenar, l\u2019\u00e9crivaine originaire de Bulgarie est venue rencontrer nos \u00e9l\u00e8ves. Ceux-ci avaient pr\u00e9alablement \u00e9tudi\u00e9 des extraits de ses deux [&hellip;]<\/p>\n","protected":false},"author":11,"featured_media":0,"comment_status":"closed","ping_status":"closed","sticky":false,"template":"","format":"standard","meta":{"ocean_post_layout":"","ocean_both_sidebars_style":"","ocean_both_sidebars_content_width":0,"ocean_both_sidebars_sidebars_width":0,"ocean_sidebar":"","ocean_second_sidebar":"","ocean_disable_margins":"enable","ocean_add_body_class":"","ocean_shortcode_before_top_bar":"","ocean_shortcode_after_top_bar":"","ocean_shortcode_before_header":"","ocean_shortcode_after_header":"","ocean_has_shortcode":"","ocean_shortcode_after_title":"","ocean_shortcode_before_footer_widgets":"","ocean_shortcode_after_footer_widgets":"","ocean_shortcode_before_footer_bottom":"","ocean_shortcode_after_footer_bottom":"","ocean_display_top_bar":"default","ocean_display_header":"default","ocean_header_style":"","ocean_center_header_left_menu":"","ocean_custom_header_template":"","ocean_custom_logo":0,"ocean_custom_retina_logo":0,"ocean_custom_logo_max_width":0,"ocean_custom_logo_tablet_max_width":0,"ocean_custom_logo_mobile_max_width":0,"ocean_custom_logo_max_height":0,"ocean_custom_logo_tablet_max_height":0,"ocean_custom_logo_mobile_max_height":0,"ocean_header_custom_menu":"","ocean_menu_typo_font_family":"","ocean_menu_typo_font_subset":"","ocean_menu_typo_font_size":0,"ocean_menu_typo_font_size_tablet":0,"ocean_menu_typo_font_size_mobile":0,"ocean_menu_typo_font_size_unit":"px","ocean_menu_typo_font_weight":"","ocean_menu_typo_font_weight_tablet":"","ocean_menu_typo_font_weight_mobile":"","ocean_menu_typo_transform":"","ocean_menu_typo_transform_tablet":"","ocean_menu_typo_transform_mobile":"","ocean_menu_typo_line_height":0,"ocean_menu_typo_line_height_tablet":0,"ocean_menu_typo_line_height_mobile":0,"ocean_menu_typo_line_height_unit":"","ocean_menu_typo_spacing":0,"ocean_menu_typo_spacing_tablet":0,"ocean_menu_typo_spacing_mobile":0,"ocean_menu_typo_spacing_unit":"","ocean_menu_link_color":"","ocean_menu_link_color_hover":"","ocean_menu_link_color_active":"","ocean_menu_link_background":"","ocean_menu_link_hover_background":"","ocean_menu_link_active_background":"","ocean_menu_social_links_bg":"","ocean_menu_social_hover_links_bg":"","ocean_menu_social_links_color":"","ocean_menu_social_hover_links_color":"","ocean_disable_title":"default","ocean_disable_heading":"default","ocean_post_title":"","ocean_post_subheading":"","ocean_post_title_style":"","ocean_post_title_background_color":"","ocean_post_title_background":0,"ocean_post_title_bg_image_position":"","ocean_post_title_bg_image_attachment":"","ocean_post_title_bg_image_repeat":"","ocean_post_title_bg_image_size":"","ocean_post_title_height":0,"ocean_post_title_bg_overlay":0.5,"ocean_post_title_bg_overlay_color":"","ocean_disable_breadcrumbs":"default","ocean_breadcrumbs_color":"","ocean_breadcrumbs_separator_color":"","ocean_breadcrumbs_links_color":"","ocean_breadcrumbs_links_hover_color":"","ocean_display_footer_widgets":"default","ocean_display_footer_bottom":"default","ocean_custom_footer_template":"","footnotes":"","ocean_post_oembed":"","ocean_post_self_hosted_media":"","ocean_post_video_embed":"","ocean_link_format":"","ocean_link_format_target":"self","ocean_quote_format":"","ocean_quote_format_link":"post","ocean_gallery_link_images":"on","ocean_gallery_id":[]},"categories":[69],"tags":[],"_links":{"self":[{"href":"https:\/\/www.lyceejeanbart.fr\/index.php\/wp-json\/wp\/v2\/posts\/6578"}],"collection":[{"href":"https:\/\/www.lyceejeanbart.fr\/index.php\/wp-json\/wp\/v2\/posts"}],"about":[{"href":"https:\/\/www.lyceejeanbart.fr\/index.php\/wp-json\/wp\/v2\/types\/post"}],"author":[{"embeddable":true,"href":"https:\/\/www.lyceejeanbart.fr\/index.php\/wp-json\/wp\/v2\/users\/11"}],"replies":[{"embeddable":true,"href":"https:\/\/www.lyceejeanbart.fr\/index.php\/wp-json\/wp\/v2\/comments?post=6578"}],"version-history":[{"count":7,"href":"https:\/\/www.lyceejeanbart.fr\/index.php\/wp-json\/wp\/v2\/posts\/6578\/revisions"}],"predecessor-version":[{"id":6719,"href":"https:\/\/www.lyceejeanbart.fr\/index.php\/wp-json\/wp\/v2\/posts\/6578\/revisions\/6719"}],"wp:attachment":[{"href":"https:\/\/www.lyceejeanbart.fr\/index.php\/wp-json\/wp\/v2\/media?parent=6578"}],"wp:term":[{"taxonomy":"category","embeddable":true,"href":"https:\/\/www.lyceejeanbart.fr\/index.php\/wp-json\/wp\/v2\/categories?post=6578"},{"taxonomy":"post_tag","embeddable":true,"href":"https:\/\/www.lyceejeanbart.fr\/index.php\/wp-json\/wp\/v2\/tags?post=6578"}],"curies":[{"name":"wp","href":"https:\/\/api.w.org\/{rel}","templated":true}]}}