{"id":8394,"date":"2026-01-20T17:08:58","date_gmt":"2026-01-20T16:08:58","guid":{"rendered":"https:\/\/www.lyceejeanbart.fr\/?p=8394"},"modified":"2026-01-20T17:08:58","modified_gmt":"2026-01-20T16:08:58","slug":"resultats-du-tournoi-de-la-section-sportive-volleyball-du-lycee-jean-bart","status":"publish","type":"post","link":"https:\/\/www.lyceejeanbart.fr\/index.php\/2026\/01\/20\/resultats-du-tournoi-de-la-section-sportive-volleyball-du-lycee-jean-bart\/","title":{"rendered":"R\u00e9sultats du tournoi de la section sportive volleyball du lyc\u00e9e Jean Bart"},"content":{"rendered":"<p>Ce mercredi 3 d\u00e9cembre 2025 \u00e0 Cambrai, nos deux \u00e9quipes de la section volley remportent le tournoi contre le lyc\u00e9e Paul Duez de Cambrai et le lyc\u00e9e Berthelot de Calais.<\/p>\n<p>F\u00e9licitations \u00e0 tous pour ces belles performances.<\/p>\n<div id='gallery-1' class='gallery galleryid-8394 gallery-columns-3 gallery-size-medium'><figure class='gallery-item'>\n\t\t\t<div class='gallery-icon landscape'>\n\t\t\t\t<a href='https:\/\/www.lyceejeanbart.fr\/index.php\/2026\/01\/20\/resultats-du-tournoi-de-la-section-sportive-volleyball-du-lycee-jean-bart\/section-volley\/'><img fetchpriority=\"high\" decoding=\"async\" width=\"300\" height=\"169\" src=\"https:\/\/www.lyceejeanbart.fr\/wp-content\/uploads\/2025\/12\/section-volley-300x169.jpg\" class=\"attachment-medium size-medium\" alt=\"\" srcset=\"https:\/\/www.lyceejeanbart.fr\/wp-content\/uploads\/2025\/12\/section-volley-300x169.jpg 300w, https:\/\/www.lyceejeanbart.fr\/wp-content\/uploads\/2025\/12\/section-volley-1024x576.jpg 1024w, https:\/\/www.lyceejeanbart.fr\/wp-content\/uploads\/2025\/12\/section-volley-768x432.jpg 768w, https:\/\/www.lyceejeanbart.fr\/wp-content\/uploads\/2025\/12\/section-volley-800x450.jpg 800w, https:\/\/www.lyceejeanbart.fr\/wp-content\/uploads\/2025\/12\/section-volley.jpg 1365w\" sizes=\"(max-width: 300px) 100vw, 300px\" \/><\/a>\n\t\t\t<\/div><\/figure><figure class='gallery-item'>\n\t\t\t<div class='gallery-icon landscape'>\n\t\t\t\t<a href='https:\/\/www.lyceejeanbart.fr\/index.php\/2026\/01\/20\/resultats-du-tournoi-de-la-section-sportive-volleyball-du-lycee-jean-bart\/sect-f\/'><img decoding=\"async\" width=\"300\" height=\"169\" src=\"https:\/\/www.lyceejeanbart.fr\/wp-content\/uploads\/2025\/12\/sect-f-300x169.jpg\" class=\"attachment-medium size-medium\" alt=\"\" srcset=\"https:\/\/www.lyceejeanbart.fr\/wp-content\/uploads\/2025\/12\/sect-f-300x169.jpg 300w, https:\/\/www.lyceejeanbart.fr\/wp-content\/uploads\/2025\/12\/sect-f-1024x576.jpg 1024w, https:\/\/www.lyceejeanbart.fr\/wp-content\/uploads\/2025\/12\/sect-f-768x432.jpg 768w, https:\/\/www.lyceejeanbart.fr\/wp-content\/uploads\/2025\/12\/sect-f-800x450.jpg 800w, https:\/\/www.lyceejeanbart.fr\/wp-content\/uploads\/2025\/12\/sect-f.jpg 1393w\" sizes=\"(max-width: 300px) 100vw, 300px\" \/><\/a>\n\t\t\t<\/div><\/figure><figure class='gallery-item'>\n\t\t\t<div class='gallery-icon landscape'>\n\t\t\t\t<a href='https:\/\/www.lyceejeanbart.fr\/index.php\/2026\/01\/20\/resultats-du-tournoi-de-la-section-sportive-volleyball-du-lycee-jean-bart\/vb-g-2\/'><img decoding=\"async\" width=\"300\" height=\"169\" src=\"https:\/\/www.lyceejeanbart.fr\/wp-content\/uploads\/2025\/12\/vb-g-300x169.jpg\" class=\"attachment-medium size-medium\" alt=\"\" srcset=\"https:\/\/www.lyceejeanbart.fr\/wp-content\/uploads\/2025\/12\/vb-g-300x169.jpg 300w, https:\/\/www.lyceejeanbart.fr\/wp-content\/uploads\/2025\/12\/vb-g-1024x576.jpg 1024w, https:\/\/www.lyceejeanbart.fr\/wp-content\/uploads\/2025\/12\/vb-g-768x432.jpg 768w, https:\/\/www.lyceejeanbart.fr\/wp-content\/uploads\/2025\/12\/vb-g-800x450.jpg 800w, https:\/\/www.lyceejeanbart.fr\/wp-content\/uploads\/2025\/12\/vb-g.jpg 1379w\" sizes=\"(max-width: 300px) 100vw, 300px\" \/><\/a>\n\t\t\t<\/div><\/figure>\n\t\t<\/div>\n\n","protected":false},"excerpt":{"rendered":"<p>Ce mercredi 3 d\u00e9cembre 2025 \u00e0 Cambrai, nos deux \u00e9quipes de la section volley remportent le tournoi contre le lyc\u00e9e Paul Duez de Cambrai et le lyc\u00e9e Berthelot de Calais. F\u00e9licitations \u00e0 tous pour ces belles performances.<\/p>\n","protected":false},"author":13,"featured_media":0,"comment_status":"closed","ping_status":"closed","sticky":false,"template":"","format":"standard","meta":{"ocean_post_layout":"","ocean_both_sidebars_style":"","ocean_both_sidebars_content_width":0,"ocean_both_sidebars_sidebars_width":0,"ocean_sidebar":"0","ocean_second_sidebar":"0","ocean_disable_margins":"enable","ocean_add_body_class":"","ocean_shortcode_before_top_bar":"","ocean_shortcode_after_top_bar":"","ocean_shortcode_before_header":"","ocean_shortcode_after_header":"","ocean_has_shortcode":"","ocean_shortcode_after_title":"","ocean_shortcode_before_footer_widgets":"","ocean_shortcode_after_footer_widgets":"","ocean_shortcode_before_footer_bottom":"","ocean_shortcode_after_footer_bottom":"","ocean_display_top_bar":"default","ocean_display_header":"default","ocean_header_style":"","ocean_center_header_left_menu":"0","ocean_custom_header_template":"0","ocean_custom_logo":0,"ocean_custom_retina_logo":0,"ocean_custom_logo_max_width":0,"ocean_custom_logo_tablet_max_width":0,"ocean_custom_logo_mobile_max_width":0,"ocean_custom_logo_max_height":0,"ocean_custom_logo_tablet_max_height":0,"ocean_custom_logo_mobile_max_height":0,"ocean_header_custom_menu":"0","ocean_menu_typo_font_family":"0","ocean_menu_typo_font_subset":"","ocean_menu_typo_font_size":0,"ocean_menu_typo_font_size_tablet":0,"ocean_menu_typo_font_size_mobile":0,"ocean_menu_typo_font_size_unit":"px","ocean_menu_typo_font_weight":"","ocean_menu_typo_font_weight_tablet":"","ocean_menu_typo_font_weight_mobile":"","ocean_menu_typo_transform":"","ocean_menu_typo_transform_tablet":"","ocean_menu_typo_transform_mobile":"","ocean_menu_typo_line_height":0,"ocean_menu_typo_line_height_tablet":0,"ocean_menu_typo_line_height_mobile":0,"ocean_menu_typo_line_height_unit":"","ocean_menu_typo_spacing":0,"ocean_menu_typo_spacing_tablet":0,"ocean_menu_typo_spacing_mobile":0,"ocean_menu_typo_spacing_unit":"","ocean_menu_link_color":"","ocean_menu_link_color_hover":"","ocean_menu_link_color_active":"","ocean_menu_link_background":"","ocean_menu_link_hover_background":"","ocean_menu_link_active_background":"","ocean_menu_social_links_bg":"","ocean_menu_social_hover_links_bg":"","ocean_menu_social_links_color":"","ocean_menu_social_hover_links_color":"","ocean_disable_title":"default","ocean_disable_heading":"default","ocean_post_title":"","ocean_post_subheading":"","ocean_post_title_style":"","ocean_post_title_background_color":"","ocean_post_title_background":0,"ocean_post_title_bg_image_position":"","ocean_post_title_bg_image_attachment":"","ocean_post_title_bg_image_repeat":"","ocean_post_title_bg_image_size":"","ocean_post_title_height":0,"ocean_post_title_bg_overlay":0.5,"ocean_post_title_bg_overlay_color":"","ocean_disable_breadcrumbs":"default","ocean_breadcrumbs_color":"","ocean_breadcrumbs_separator_color":"","ocean_breadcrumbs_links_color":"","ocean_breadcrumbs_links_hover_color":"","ocean_display_footer_widgets":"default","ocean_display_footer_bottom":"default","ocean_custom_footer_template":"0","footnotes":"","ocean_post_oembed":"","ocean_post_self_hosted_media":"","ocean_post_video_embed":"","ocean_link_format":"","ocean_link_format_target":"self","ocean_quote_format":"","ocean_quote_format_link":"post","ocean_gallery_link_images":"on","ocean_gallery_id":[]},"categories":[70],"tags":[],"_links":{"self":[{"href":"https:\/\/www.lyceejeanbart.fr\/index.php\/wp-json\/wp\/v2\/posts\/8394"}],"collection":[{"href":"https:\/\/www.lyceejeanbart.fr\/index.php\/wp-json\/wp\/v2\/posts"}],"about":[{"href":"https:\/\/www.lyceejeanbart.fr\/index.php\/wp-json\/wp\/v2\/types\/post"}],"author":[{"embeddable":true,"href":"https:\/\/www.lyceejeanbart.fr\/index.php\/wp-json\/wp\/v2\/users\/13"}],"replies":[{"embeddable":true,"href":"https:\/\/www.lyceejeanbart.fr\/index.php\/wp-json\/wp\/v2\/comments?post=8394"}],"version-history":[{"count":1,"href":"https:\/\/www.lyceejeanbart.fr\/index.php\/wp-json\/wp\/v2\/posts\/8394\/revisions"}],"predecessor-version":[{"id":8398,"href":"https:\/\/www.lyceejeanbart.fr\/index.php\/wp-json\/wp\/v2\/posts\/8394\/revisions\/8398"}],"wp:attachment":[{"href":"https:\/\/www.lyceejeanbart.fr\/index.php\/wp-json\/wp\/v2\/media?parent=8394"}],"wp:term":[{"taxonomy":"category","embeddable":true,"href":"https:\/\/www.lyceejeanbart.fr\/index.php\/wp-json\/wp\/v2\/categories?post=8394"},{"taxonomy":"post_tag","embeddable":true,"href":"https:\/\/www.lyceejeanbart.fr\/index.php\/wp-json\/wp\/v2\/tags?post=8394"}],"curies":[{"name":"wp","href":"https:\/\/api.w.org\/{rel}","templated":true}]}}