{"id":8693,"date":"2026-04-30T18:16:31","date_gmt":"2026-04-30T16:16:31","guid":{"rendered":"https:\/\/www.lyceejeanbart.fr\/?p=8693"},"modified":"2026-04-30T18:16:31","modified_gmt":"2026-04-30T16:16:31","slug":"une-journee-placee-sous-le-signe-de-linclusion-par-le-sport","status":"publish","type":"post","link":"https:\/\/www.lyceejeanbart.fr\/index.php\/2026\/04\/30\/une-journee-placee-sous-le-signe-de-linclusion-par-le-sport\/","title":{"rendered":"Une journ\u00e9e plac\u00e9e sous le signe de l\u2019inclusion par le sport"},"content":{"rendered":"<div dir=\"auto\"><\/div>\n<div dir=\"auto\">Dans le cadre de la continuit\u00e9 du projet \u00ab Unis vers 2024 \u00bb et du lancement du projet \u00ab Inclusion par le sport \u00bb, les \u00e9l\u00e8ves de 2D8 du lyc\u00e9e Jean Bart ont \u00e9t\u00e9 accueillis par la classe \u00ab Adolescents \u00bb de l\u2019IEM Vancauwenberghe de Zuydcoote.<\/div>\n<div dir=\"auto\">Encadr\u00e9s par l\u2019enseignante de l&rsquo;IEM Justine et les \u00e9ducateurs sportifs Juliette et Thomas, les \u00e9l\u00e8ves ont \u00e9galement eu la chance d\u2019\u00eatre accompagn\u00e9s par Fay\u00e7al Meguenni, athl\u00e8te paralympique de boccia aux Jeux de Paris 2024.<\/div>\n<div dir=\"auto\">Cette journ\u00e9e a \u00e9t\u00e9 riche en d\u00e9couvertes et en \u00e9changes: visite de l\u2019\u00e9tablissement,\u00e9changes avec les adolescents de l\u2019IEM, d\u00e9couverte du handisport (sarbacane, foot fauteuil) et pratique de la boccia, discipline paralympique.<\/div>\n<div dir=\"auto\">Au-del\u00e0 de la pratique sportive, cette rencontre a permis de sensibiliser les \u00e9l\u00e8ves aux valeurs d\u2019inclusion, de respect et de solidarit\u00e9.<\/div>\n<div dir=\"auto\"><\/div>\n<div dir=\"auto\">Nous remercions les directions des \u00e9tablissements respectifs pour leur confiance et esp\u00e9rons r\u00e9aliser un \u00abmatch retour\u00bb l\u2019ann\u00e9e scolaire prochaine!<\/div>\n<div dir=\"auto\"><\/div>\n<div dir=\"auto\"><\/div>\n<div dir=\"auto\"><\/div>\n<div dir=\"auto\"><\/div>\n<div dir=\"auto\">\n<div id='gallery-1' class='gallery galleryid-8693 gallery-columns-4 gallery-size-thumbnail'><figure class='gallery-item'>\n\t\t\t<div class='gallery-icon portrait'>\n\t\t\t\t<a href='https:\/\/www.lyceejeanbart.fr\/index.php\/2026\/04\/30\/une-journee-placee-sous-le-signe-de-linclusion-par-le-sport\/iem1\/'><img decoding=\"async\" width=\"150\" height=\"150\" src=\"https:\/\/www.lyceejeanbart.fr\/wp-content\/uploads\/2026\/04\/IEM1-150x150.jpg\" class=\"attachment-thumbnail size-thumbnail\" alt=\"\" \/><\/a>\n\t\t\t<\/div><\/figure><figure class='gallery-item'>\n\t\t\t<div class='gallery-icon landscape'>\n\t\t\t\t<a href='https:\/\/www.lyceejeanbart.fr\/index.php\/2026\/04\/30\/une-journee-placee-sous-le-signe-de-linclusion-par-le-sport\/iem4\/'><img decoding=\"async\" width=\"150\" height=\"150\" src=\"https:\/\/www.lyceejeanbart.fr\/wp-content\/uploads\/2026\/04\/IEM4-150x150.jpg\" class=\"attachment-thumbnail size-thumbnail\" alt=\"\" srcset=\"https:\/\/www.lyceejeanbart.fr\/wp-content\/uploads\/2026\/04\/IEM4-150x150.jpg 150w, https:\/\/www.lyceejeanbart.fr\/wp-content\/uploads\/2026\/04\/IEM4-600x600.jpg 600w\" sizes=\"(max-width: 150px) 100vw, 150px\" \/><\/a>\n\t\t\t<\/div><\/figure><figure class='gallery-item'>\n\t\t\t<div class='gallery-icon portrait'>\n\t\t\t\t<a href='https:\/\/www.lyceejeanbart.fr\/index.php\/2026\/04\/30\/une-journee-placee-sous-le-signe-de-linclusion-par-le-sport\/iem5\/'><img decoding=\"async\" width=\"150\" height=\"150\" src=\"https:\/\/www.lyceejeanbart.fr\/wp-content\/uploads\/2026\/04\/IEM5-150x150.jpg\" class=\"attachment-thumbnail size-thumbnail\" alt=\"\" srcset=\"https:\/\/www.lyceejeanbart.fr\/wp-content\/uploads\/2026\/04\/IEM5-150x150.jpg 150w, https:\/\/www.lyceejeanbart.fr\/wp-content\/uploads\/2026\/04\/IEM5-600x600.jpg 600w\" sizes=\"(max-width: 150px) 100vw, 150px\" \/><\/a>\n\t\t\t<\/div><\/figure><figure class='gallery-item'>\n\t\t\t<div class='gallery-icon portrait'>\n\t\t\t\t<a href='https:\/\/www.lyceejeanbart.fr\/index.php\/2026\/04\/30\/une-journee-placee-sous-le-signe-de-linclusion-par-le-sport\/iem2\/'><img loading=\"lazy\" decoding=\"async\" width=\"150\" height=\"150\" src=\"https:\/\/www.lyceejeanbart.fr\/wp-content\/uploads\/2026\/04\/IEM2-150x150.jpg\" class=\"attachment-thumbnail size-thumbnail\" alt=\"\" srcset=\"https:\/\/www.lyceejeanbart.fr\/wp-content\/uploads\/2026\/04\/IEM2-150x150.jpg 150w, https:\/\/www.lyceejeanbart.fr\/wp-content\/uploads\/2026\/04\/IEM2-600x600.jpg 600w\" sizes=\"(max-width: 150px) 100vw, 150px\" \/><\/a>\n\t\t\t<\/div><\/figure><figure class='gallery-item'>\n\t\t\t<div class='gallery-icon portrait'>\n\t\t\t\t<a href='https:\/\/www.lyceejeanbart.fr\/index.php\/2026\/04\/30\/une-journee-placee-sous-le-signe-de-linclusion-par-le-sport\/iem3\/'><img loading=\"lazy\" decoding=\"async\" width=\"150\" height=\"150\" src=\"https:\/\/www.lyceejeanbart.fr\/wp-content\/uploads\/2026\/04\/IEM3-150x150.jpg\" class=\"attachment-thumbnail size-thumbnail\" alt=\"\" srcset=\"https:\/\/www.lyceejeanbart.fr\/wp-content\/uploads\/2026\/04\/IEM3-150x150.jpg 150w, https:\/\/www.lyceejeanbart.fr\/wp-content\/uploads\/2026\/04\/IEM3-600x600.jpg 600w\" sizes=\"(max-width: 150px) 100vw, 150px\" \/><\/a>\n\t\t\t<\/div><\/figure><figure class='gallery-item'>\n\t\t\t<div class='gallery-icon portrait'>\n\t\t\t\t<a href='https:\/\/www.lyceejeanbart.fr\/index.php\/2026\/04\/30\/une-journee-placee-sous-le-signe-de-linclusion-par-le-sport\/iem8\/'><img loading=\"lazy\" decoding=\"async\" width=\"150\" height=\"150\" src=\"https:\/\/www.lyceejeanbart.fr\/wp-content\/uploads\/2026\/04\/IEM8-150x150.jpg\" class=\"attachment-thumbnail size-thumbnail\" alt=\"\" srcset=\"https:\/\/www.lyceejeanbart.fr\/wp-content\/uploads\/2026\/04\/IEM8-150x150.jpg 150w, https:\/\/www.lyceejeanbart.fr\/wp-content\/uploads\/2026\/04\/IEM8-600x600.jpg 600w\" sizes=\"(max-width: 150px) 100vw, 150px\" \/><\/a>\n\t\t\t<\/div><\/figure><figure class='gallery-item'>\n\t\t\t<div class='gallery-icon portrait'>\n\t\t\t\t<a href='https:\/\/www.lyceejeanbart.fr\/index.php\/2026\/04\/30\/une-journee-placee-sous-le-signe-de-linclusion-par-le-sport\/iem7\/'><img loading=\"lazy\" decoding=\"async\" width=\"150\" height=\"150\" src=\"https:\/\/www.lyceejeanbart.fr\/wp-content\/uploads\/2026\/04\/IEM7-150x150.jpg\" class=\"attachment-thumbnail size-thumbnail\" alt=\"\" srcset=\"https:\/\/www.lyceejeanbart.fr\/wp-content\/uploads\/2026\/04\/IEM7-150x150.jpg 150w, https:\/\/www.lyceejeanbart.fr\/wp-content\/uploads\/2026\/04\/IEM7-600x600.jpg 600w\" sizes=\"(max-width: 150px) 100vw, 150px\" \/><\/a>\n\t\t\t<\/div><\/figure><figure class='gallery-item'>\n\t\t\t<div class='gallery-icon landscape'>\n\t\t\t\t<a href='https:\/\/www.lyceejeanbart.fr\/index.php\/2026\/04\/30\/une-journee-placee-sous-le-signe-de-linclusion-par-le-sport\/iem6\/'><img loading=\"lazy\" decoding=\"async\" width=\"150\" height=\"150\" src=\"https:\/\/www.lyceejeanbart.fr\/wp-content\/uploads\/2026\/04\/IEM6-150x150.jpg\" class=\"attachment-thumbnail size-thumbnail\" alt=\"\" srcset=\"https:\/\/www.lyceejeanbart.fr\/wp-content\/uploads\/2026\/04\/IEM6-150x150.jpg 150w, https:\/\/www.lyceejeanbart.fr\/wp-content\/uploads\/2026\/04\/IEM6-600x600.jpg 600w\" sizes=\"(max-width: 150px) 100vw, 150px\" \/><\/a>\n\t\t\t<\/div><\/figure>\n\t\t<\/div>\n\n<\/div>\n","protected":false},"excerpt":{"rendered":"<p>Dans le cadre de la continuit\u00e9 du projet \u00ab Unis vers 2024 \u00bb et du lancement du projet \u00ab Inclusion par le sport \u00bb, les \u00e9l\u00e8ves de 2D8 du lyc\u00e9e Jean Bart ont \u00e9t\u00e9 accueillis par la classe \u00ab Adolescents \u00bb de l\u2019IEM Vancauwenberghe de Zuydcoote. Encadr\u00e9s par l\u2019enseignante de l&rsquo;IEM Justine et les \u00e9ducateurs [&hellip;]<\/p>\n","protected":false},"author":13,"featured_media":0,"comment_status":"closed","ping_status":"closed","sticky":false,"template":"","format":"standard","meta":{"ocean_post_layout":"","ocean_both_sidebars_style":"","ocean_both_sidebars_content_width":0,"ocean_both_sidebars_sidebars_width":0,"ocean_sidebar":"0","ocean_second_sidebar":"0","ocean_disable_margins":"enable","ocean_add_body_class":"","ocean_shortcode_before_top_bar":"","ocean_shortcode_after_top_bar":"","ocean_shortcode_before_header":"","ocean_shortcode_after_header":"","ocean_has_shortcode":"","ocean_shortcode_after_title":"","ocean_shortcode_before_footer_widgets":"","ocean_shortcode_after_footer_widgets":"","ocean_shortcode_before_footer_bottom":"","ocean_shortcode_after_footer_bottom":"","ocean_display_top_bar":"default","ocean_display_header":"default","ocean_header_style":"","ocean_center_header_left_menu":"0","ocean_custom_header_template":"0","ocean_custom_logo":0,"ocean_custom_retina_logo":0,"ocean_custom_logo_max_width":0,"ocean_custom_logo_tablet_max_width":0,"ocean_custom_logo_mobile_max_width":0,"ocean_custom_logo_max_height":0,"ocean_custom_logo_tablet_max_height":0,"ocean_custom_logo_mobile_max_height":0,"ocean_header_custom_menu":"0","ocean_menu_typo_font_family":"0","ocean_menu_typo_font_subset":"","ocean_menu_typo_font_size":0,"ocean_menu_typo_font_size_tablet":0,"ocean_menu_typo_font_size_mobile":0,"ocean_menu_typo_font_size_unit":"px","ocean_menu_typo_font_weight":"","ocean_menu_typo_font_weight_tablet":"","ocean_menu_typo_font_weight_mobile":"","ocean_menu_typo_transform":"","ocean_menu_typo_transform_tablet":"","ocean_menu_typo_transform_mobile":"","ocean_menu_typo_line_height":0,"ocean_menu_typo_line_height_tablet":0,"ocean_menu_typo_line_height_mobile":0,"ocean_menu_typo_line_height_unit":"","ocean_menu_typo_spacing":0,"ocean_menu_typo_spacing_tablet":0,"ocean_menu_typo_spacing_mobile":0,"ocean_menu_typo_spacing_unit":"","ocean_menu_link_color":"","ocean_menu_link_color_hover":"","ocean_menu_link_color_active":"","ocean_menu_link_background":"","ocean_menu_link_hover_background":"","ocean_menu_link_active_background":"","ocean_menu_social_links_bg":"","ocean_menu_social_hover_links_bg":"","ocean_menu_social_links_color":"","ocean_menu_social_hover_links_color":"","ocean_disable_title":"default","ocean_disable_heading":"default","ocean_post_title":"","ocean_post_subheading":"","ocean_post_title_style":"","ocean_post_title_background_color":"","ocean_post_title_background":0,"ocean_post_title_bg_image_position":"","ocean_post_title_bg_image_attachment":"","ocean_post_title_bg_image_repeat":"","ocean_post_title_bg_image_size":"","ocean_post_title_height":0,"ocean_post_title_bg_overlay":0.5,"ocean_post_title_bg_overlay_color":"","ocean_disable_breadcrumbs":"default","ocean_breadcrumbs_color":"","ocean_breadcrumbs_separator_color":"","ocean_breadcrumbs_links_color":"","ocean_breadcrumbs_links_hover_color":"","ocean_display_footer_widgets":"default","ocean_display_footer_bottom":"default","ocean_custom_footer_template":"0","footnotes":"","ocean_post_oembed":"","ocean_post_self_hosted_media":"","ocean_post_video_embed":"","ocean_link_format":"","ocean_link_format_target":"self","ocean_quote_format":"","ocean_quote_format_link":"post","ocean_gallery_link_images":"on","ocean_gallery_id":[]},"categories":[70],"tags":[],"_links":{"self":[{"href":"https:\/\/www.lyceejeanbart.fr\/index.php\/wp-json\/wp\/v2\/posts\/8693"}],"collection":[{"href":"https:\/\/www.lyceejeanbart.fr\/index.php\/wp-json\/wp\/v2\/posts"}],"about":[{"href":"https:\/\/www.lyceejeanbart.fr\/index.php\/wp-json\/wp\/v2\/types\/post"}],"author":[{"embeddable":true,"href":"https:\/\/www.lyceejeanbart.fr\/index.php\/wp-json\/wp\/v2\/users\/13"}],"replies":[{"embeddable":true,"href":"https:\/\/www.lyceejeanbart.fr\/index.php\/wp-json\/wp\/v2\/comments?post=8693"}],"version-history":[{"count":2,"href":"https:\/\/www.lyceejeanbart.fr\/index.php\/wp-json\/wp\/v2\/posts\/8693\/revisions"}],"predecessor-version":[{"id":8703,"href":"https:\/\/www.lyceejeanbart.fr\/index.php\/wp-json\/wp\/v2\/posts\/8693\/revisions\/8703"}],"wp:attachment":[{"href":"https:\/\/www.lyceejeanbart.fr\/index.php\/wp-json\/wp\/v2\/media?parent=8693"}],"wp:term":[{"taxonomy":"category","embeddable":true,"href":"https:\/\/www.lyceejeanbart.fr\/index.php\/wp-json\/wp\/v2\/categories?post=8693"},{"taxonomy":"post_tag","embeddable":true,"href":"https:\/\/www.lyceejeanbart.fr\/index.php\/wp-json\/wp\/v2\/tags?post=8693"}],"curies":[{"name":"wp","href":"https:\/\/api.w.org\/{rel}","templated":true}]}}